{"id":70723,"date":"2016-10-27T11:52:56","date_gmt":"2016-10-27T14:52:56","guid":{"rendered":"http:\/\/prensa.mendoza.gov.ar\/?p=70723"},"modified":"2016-10-27T11:52:56","modified_gmt":"2016-10-27T14:52:56","slug":"habra-desvio-de-transporte-publico-por-trabajos-en-calle-santiago-del-estero","status":"publish","type":"post","link":"https:\/\/www.mendoza.gov.ar\/prensa\/habra-desvio-de-transporte-publico-por-trabajos-en-calle-santiago-del-estero\/","title":{"rendered":"Habr\u00e1 desv\u00edo de transporte p\u00fablico por trabajos en calle Santiago del Estero"},"content":{"rendered":"<!DOCTYPE html PUBLIC \"-\/\/W3C\/\/DTD HTML 4.0 Transitional\/\/EN\" \"http:\/\/www.w3.org\/TR\/REC-html40\/loose.dtd\">\n<html><body><p>La municipalidad de la Ciudad de Mendoza realizar&aacute; trabajos de mantenimiento en calle Santiago del Estero, entre San Mart&iacute;n y Montecaseros. Por lo que no se podr&aacute; circular por la zona durante &nbsp;60 d&iacute;as, como consecuencia, los servicios de transporte que circulan por la zona deber&aacute;n modificar su traza.<\/p>\n<p><b>Grupo 3:&nbsp;<\/b><i><span style=\"font-weight: 400\">L&iacute;neas &nbsp;111-112-113-114-115. <\/span><\/i><span style=\"font-weight: 400\">Tomar&aacute;n por<\/span> <span style=\"font-weight: 400\">Videla Correa, San Mart&iacute;n al norte, Esqui&uacute;, Federico Moreno y retorna a su recorrido normal.<\/span><\/p>\n<p><b>Grupo 300:&nbsp;<\/b><span style=\"font-weight: 400\">San Mart&iacute;n, Esqui&uacute;, Federico Moreno, Santiago del Estero y retorna a su recorrido habitual.<\/span><\/p>\n<p><span style=\"font-weight: 400\">Es importante tener presente que, a medida que avancen las obras hasta calle Federico Moreno, los servicios del <\/span><b>Grupo 3<\/b><span style=\"font-weight: 400\"> deber&aacute;n tomar por calle Esqui&uacute;, Ituzaing&oacute;, Jujuy, luego Federico Moreno y retomar su traza. <\/span><\/p>\n<p><span style=\"font-weight: 400\">Por su parte, el <\/span><b>Grupo 300 <\/b><span style=\"font-weight: 400\">tomar&aacute; por San Mart&iacute;n, Esqui&uacute;, Ituzaing&oacute;, Santiago del Estero y volver&aacute; a su recorrido. <\/span><\/p>\n<p><b>Grupo 6:&nbsp;<\/b>&nbsp;<i><span style=\"font-weight: 400\">l&iacute;nea 133. <\/span><\/i><span style=\"font-weight: 400\">Desviar&aacute; por Salta, Jujuy, San Mart&iacute;n, Esqui&uacute;, Salta y retomar&aacute; a su recorrido habitual.<\/span><\/p>\n<\/body><\/html>\n","protected":false},"excerpt":{"rendered":"Por obras de la Municipalidad de Mendoza en calle Santiago del Estero \u00a0habr\u00e1 desv\u00edos al transporte p\u00fablico por 60 d\u00edas.","protected":false},"author":76,"featured_media":70732,"comment_status":"open","ping_status":"open","sticky":false,"template":"","format":"standard","meta":[],"categories":[1],"tags":[],"_links":{"self":[{"href":"https:\/\/www.mendoza.gov.ar\/prensa\/wp-json\/wp\/v2\/posts\/70723"}],"collection":[{"href":"https:\/\/www.mendoza.gov.ar\/prensa\/wp-json\/wp\/v2\/posts"}],"about":[{"href":"https:\/\/www.mendoza.gov.ar\/prensa\/wp-json\/wp\/v2\/types\/post"}],"author":[{"embeddable":true,"href":"https:\/\/www.mendoza.gov.ar\/prensa\/wp-json\/wp\/v2\/users\/76"}],"replies":[{"embeddable":true,"href":"https:\/\/www.mendoza.gov.ar\/prensa\/wp-json\/wp\/v2\/comments?post=70723"}],"version-history":[{"count":0,"href":"https:\/\/www.mendoza.gov.ar\/prensa\/wp-json\/wp\/v2\/posts\/70723\/revisions"}],"wp:featuredmedia":[{"embeddable":true,"href":"https:\/\/www.mendoza.gov.ar\/prensa\/wp-json\/wp\/v2\/media\/70732"}],"wp:attachment":[{"href":"https:\/\/www.mendoza.gov.ar\/prensa\/wp-json\/wp\/v2\/media?parent=70723"}],"wp:term":[{"taxonomy":"category","embeddable":true,"href":"https:\/\/www.mendoza.gov.ar\/prensa\/wp-json\/wp\/v2\/categories?post=70723"},{"taxonomy":"post_tag","embeddable":true,"href":"https:\/\/www.mendoza.gov.ar\/prensa\/wp-json\/wp\/v2\/tags?post=70723"}],"curies":[{"name":"wp","href":"https:\/\/api.w.org\/{rel}","templated":true}]}}