{"id":70818,"date":"2016-10-28T09:26:24","date_gmt":"2016-10-28T12:26:24","guid":{"rendered":"http:\/\/prensa.mendoza.gov.ar\/?p=70818"},"modified":"2016-10-28T09:26:24","modified_gmt":"2016-10-28T12:26:24","slug":"taller-saludable-en-escuela-mosconi","status":"publish","type":"post","link":"https:\/\/www.mendoza.gov.ar\/prensa\/taller-saludable-en-escuela-mosconi\/","title":{"rendered":"Taller saludable en la Escuela Mosconi de Luj\u00e1n"},"content":{"rendered":"<!DOCTYPE html PUBLIC \"-\/\/W3C\/\/DTD HTML 4.0 Transitional\/\/EN\" \"http:\/\/www.w3.org\/TR\/REC-html40\/loose.dtd\">\n<html><body><p>Un equipo de profesionales de la Obra Social de Empleados P&uacute;blicos (OSE) brind&oacute; una charla sobre &ldquo;H&aacute;bitos saludables&rdquo; para los alumnos de la Escuela General Enrique Mosconi, ubicada en el departamento de Luj&aacute;n de Cuyo.&nbsp;Es en el marco de una serie de actividades de concientizaci&oacute;n que realiza el programa de Gesti&oacute;n Cl&iacute;nica para Pacientes Cr&oacute;nicos de la obra social.<\/p>\n<p>Estuvo destinada a docentes, celadores, padres y ni&ntilde;os del primer y segundo ciclo y fue dictada por Paula Fachinelli, Paola Navarro, Zulma S&aacute;nchez y Florencia Bettalemmi, quienes expusieron acerca de los buenos h&aacute;bitos desde los tres aspectos principales de la salud: f&iacute;sico, ps&iacute;quico y social.<\/p>\n<p>Nancy Frate, directora de la escuela, se mostr&oacute; muy satisfecha y agradecida con la actividad realizada por la obra social, ya que despert&oacute; inter&eacute;s tanto en ni&ntilde;os como en adultos.<\/p>\n<p>Por &uacute;ltimo, la doctora Fachinelli, referente de los talleres, asegur&oacute; que muy pronto volver&aacute;n para realizar una charla sobre buen trato hacia el adulto mayor, a cargo del Departamento de Gest&oacute;n de Pol&iacute;ticas Sociales para el Adulto Mayor de la OSEP.<\/p>\n<p>Para m&aacute;s informaci&oacute;n, las escuelas interesadas pueden dirigirse al&nbsp;Programa Cr&oacute;nicos&nbsp;de OSEP,&nbsp;Rondeau 322, Ciudad, o al tel&eacute;fono 4615127.<\/p>\n<p><a href=\"https:\/\/www.mendoza.gov.ar\/prensa\/wp-content\/uploads\/sites\/23\/foto41.jpg\"><img loading=\"lazy\" class=\"alignnone  wp-image-70828 img-responsive center-block\" src=\"https:\/\/www.mendoza.gov.ar\/prensa\/wp-content\/uploads\/sites\/23\/foto41.jpg\" alt=\"\" width=\"871\" height=\"491\"><\/a><\/p>\n<\/body><\/html>\n","protected":false},"excerpt":{"rendered":"Estuvo destinada a docentes, celadores, padres y ni\u00f1os del primer y segundo ciclo y abord\u00f3 temas relacionados con los buenos h\u00e1bitos, desde los tres aspectos principales de la salud: f\u00edsico, ps\u00edquico y social.","protected":false},"author":61,"featured_media":70826,"comment_status":"open","ping_status":"open","sticky":false,"template":"","format":"standard","meta":[],"categories":[30],"tags":[],"_links":{"self":[{"href":"https:\/\/www.mendoza.gov.ar\/prensa\/wp-json\/wp\/v2\/posts\/70818"}],"collection":[{"href":"https:\/\/www.mendoza.gov.ar\/prensa\/wp-json\/wp\/v2\/posts"}],"about":[{"href":"https:\/\/www.mendoza.gov.ar\/prensa\/wp-json\/wp\/v2\/types\/post"}],"author":[{"embeddable":true,"href":"https:\/\/www.mendoza.gov.ar\/prensa\/wp-json\/wp\/v2\/users\/61"}],"replies":[{"embeddable":true,"href":"https:\/\/www.mendoza.gov.ar\/prensa\/wp-json\/wp\/v2\/comments?post=70818"}],"version-history":[{"count":0,"href":"https:\/\/www.mendoza.gov.ar\/prensa\/wp-json\/wp\/v2\/posts\/70818\/revisions"}],"wp:featuredmedia":[{"embeddable":true,"href":"https:\/\/www.mendoza.gov.ar\/prensa\/wp-json\/wp\/v2\/media\/70826"}],"wp:attachment":[{"href":"https:\/\/www.mendoza.gov.ar\/prensa\/wp-json\/wp\/v2\/media?parent=70818"}],"wp:term":[{"taxonomy":"category","embeddable":true,"href":"https:\/\/www.mendoza.gov.ar\/prensa\/wp-json\/wp\/v2\/categories?post=70818"},{"taxonomy":"post_tag","embeddable":true,"href":"https:\/\/www.mendoza.gov.ar\/prensa\/wp-json\/wp\/v2\/tags?post=70818"}],"curies":[{"name":"wp","href":"https:\/\/api.w.org\/{rel}","templated":true}]}}