{"id":70910,"date":"2016-10-30T20:36:44","date_gmt":"2016-10-30T23:36:44","guid":{"rendered":"http:\/\/prensa.mendoza.gov.ar\/?p=70910"},"modified":"2016-10-30T20:36:44","modified_gmt":"2016-10-30T23:36:44","slug":"el-director-de-hidrocarburos-participo-del-vi-congreso-de-produccion-y-desarrollo-de-reservas","status":"publish","type":"post","link":"https:\/\/www.mendoza.gov.ar\/prensa\/el-director-de-hidrocarburos-participo-del-vi-congreso-de-produccion-y-desarrollo-de-reservas\/","title":{"rendered":"El valor de los recursos hidrocarbur\u00edferos y la necesidad de atraer inversiones"},"content":{"rendered":"<!DOCTYPE html PUBLIC \"-\/\/W3C\/\/DTD HTML 4.0 Transitional\/\/EN\" \"http:\/\/www.w3.org\/TR\/REC-html40\/loose.dtd\">\n<html><body><p>El director de Hidrocarburos de Mendoza, Santiago Fern&aacute;ndez Herreno, particip&oacute; esta semana en el VI congreso de Producci&oacute;n y Desarrollo de reservas, realizado por el Instituto Argentino de Petr&oacute;leo y Gas (IAPG), un encuentro donde convergen las visiones de todas las provincias productoras de petr&oacute;leo y gas.<\/p>\n<p>Desde el congreso justificaron que la exploraci&oacute;n y producci&oacute;n de petr&oacute;leo y gas guarda estrecha relaci&oacute;n con la zona en la cual se desarrollan estos recursos estrat&eacute;gicos. Por eso, se invit&oacute;&nbsp;a todos los actores relacionados con&nbsp;la industria a ser parte de las exposiciones, presentaciones de trabajos t&eacute;cnicos y confecciones de mesas redondas de trabajo en el Hotel Llao Llao de Bariloche.<\/p>\n<p>&ldquo;Desde la direcci&oacute;n presentamos un trabajo sobre la industria hidrocarbur&iacute;fera de Mendoza que fue muy bien recibido en el congreso y donde demostramos la seguridad jur&iacute;dica, el trabajo serio con los sindicatos y el accionar del Gobierno para el fomento y crecimiento de la provincia, tanto en tareas de exploraci&oacute;n como explotaci&oacute;n&rdquo;, coment&oacute; Fern&aacute;ndez Herrero.<\/p>\n<p>El funcionario mendocino particip&oacute; en la mesa redonda &ldquo;La visi&oacute;n de las provincias productoras a trav&eacute;s de sus representantes&rdquo;, donde se trataron temas como los desaf&iacute;os que implica la coordinaci&oacute;n federal y provincial para generar incentivos que atraigan inversiones hidrocarbur&iacute;feras, la planificaci&oacute;n urbana para mejorar la radicaci&oacute;n de profesionales, t&eacute;cnicos y mano de obra, los desaf&iacute;os para la estandarizaci&oacute;n de las normas relacionadas con la seguridad y medio ambiente y la comunicaci&oacute;n del valor estrat&eacute;gico del sector para las econom&iacute;as locales y el crecimiento regional.<\/p>\n<p>Este congreso representa un &aacute;mbito t&eacute;cnico de proyecci&oacute;n nacional e internacional que contribuir&aacute; al acercamiento de las inversiones necesarias para su desarrollo. Adem&aacute;s, fomenta el debate amplio ente profesionales de la industrial, funcionarios y acad&eacute;micos para generar ideas y proyectos que posibiliten entender los desaf&iacute;os y fortalecer la industria proyect&aacute;ndola al futuro.<\/p>\n<p>Para finalizar, Fern&aacute;ndez Herrero elogi&oacute; la iniciativa y agreg&oacute;: &ldquo;Este encuentro va a ser un puntapi&eacute; para continuar trabajando en nuestra pol&iacute;tica de desarrollo hidrocarbur&iacute;fero de Mendoza&rdquo;.<\/p>\n<p>&nbsp;<\/p>\n<p>&nbsp;<\/p>\n<\/body><\/html>\n","protected":false},"excerpt":{"rendered":"Fueron los temas que se abordaron en el VI Congreso de producci\u00f3n y desarrollo de reservas del que particip\u00f3 el director de  Hidrocarburos de Mendoza, Santiago Fern\u00e1ndez Herrero. En Bariloche, comparti\u00f3 su visi\u00f3n frente a profesionales de la industria, funcionarios y acad\u00e9micos.","protected":false},"author":76,"featured_media":70911,"comment_status":"open","ping_status":"open","sticky":false,"template":"","format":"standard","meta":[],"categories":[1],"tags":[],"_links":{"self":[{"href":"https:\/\/www.mendoza.gov.ar\/prensa\/wp-json\/wp\/v2\/posts\/70910"}],"collection":[{"href":"https:\/\/www.mendoza.gov.ar\/prensa\/wp-json\/wp\/v2\/posts"}],"about":[{"href":"https:\/\/www.mendoza.gov.ar\/prensa\/wp-json\/wp\/v2\/types\/post"}],"author":[{"embeddable":true,"href":"https:\/\/www.mendoza.gov.ar\/prensa\/wp-json\/wp\/v2\/users\/76"}],"replies":[{"embeddable":true,"href":"https:\/\/www.mendoza.gov.ar\/prensa\/wp-json\/wp\/v2\/comments?post=70910"}],"version-history":[{"count":0,"href":"https:\/\/www.mendoza.gov.ar\/prensa\/wp-json\/wp\/v2\/posts\/70910\/revisions"}],"wp:featuredmedia":[{"embeddable":true,"href":"https:\/\/www.mendoza.gov.ar\/prensa\/wp-json\/wp\/v2\/media\/70911"}],"wp:attachment":[{"href":"https:\/\/www.mendoza.gov.ar\/prensa\/wp-json\/wp\/v2\/media?parent=70910"}],"wp:term":[{"taxonomy":"category","embeddable":true,"href":"https:\/\/www.mendoza.gov.ar\/prensa\/wp-json\/wp\/v2\/categories?post=70910"},{"taxonomy":"post_tag","embeddable":true,"href":"https:\/\/www.mendoza.gov.ar\/prensa\/wp-json\/wp\/v2\/tags?post=70910"}],"curies":[{"name":"wp","href":"https:\/\/api.w.org\/{rel}","templated":true}]}}