{"id":70914,"date":"2016-10-29T09:42:03","date_gmt":"2016-10-29T12:42:03","guid":{"rendered":"http:\/\/prensa.mendoza.gov.ar\/?p=70914"},"modified":"2016-10-29T09:42:03","modified_gmt":"2016-10-29T12:42:03","slug":"calefaccion-en-la-escuela-eva-peron-la-obra-ya-esta-avanzada-al-50","status":"publish","type":"post","link":"https:\/\/www.mendoza.gov.ar\/prensa\/calefaccion-en-la-escuela-eva-peron-la-obra-ya-esta-avanzada-al-50\/","title":{"rendered":"Calefacci\u00f3n en la escuela Eva Per\u00f3n: la obra ya est\u00e1 avanzada al 50%"},"content":{"rendered":"<!DOCTYPE html PUBLIC \"-\/\/W3C\/\/DTD HTML 4.0 Transitional\/\/EN\" \"http:\/\/www.w3.org\/TR\/REC-html40\/loose.dtd\">\n<html><body><p>La Subsecretar&iacute;a de Infraestructura Social B&aacute;sica comenz&oacute; esta semana con la instalaci&oacute;n de doce intercambiadores de vapor y agua en el subsuelo de la 8-448 Escuela Hogar Eva Per&oacute;n, lo que ha posibilitado que la obra de reparaci&oacute;n integral de todo el sistema de calefacci&oacute;n del establecimiento haya avanzado por estos d&iacute;as hasta un 50%.<\/p>\n<p>Este avance de obra incluye casi un 85% de los m&aacute;s de cinco kil&oacute;metros de ca&ntilde;er&iacute;as de metal y pl&aacute;stica instaladas en el mismo subsuelo y de manera externa, respectivamente, que cubrir&aacute;n los m&aacute;s de 7.000 metros cuadrados de superficie cubierta que tiene el albergue.<\/p>\n<p>En este sentido, la firma encargada de las tareas (Multiservice, de Gustavo Mart&iacute;nez) tiene previsto concluirlas a fines de noviembre, o sea un mes antes de lo estipulado. Es por esta raz&oacute;n que las tareas avanzan a muy buen ritmo, dado que son trascendentes y necesarias para la comunidad educativa, por tratarse de un inmueble educativo emblem&aacute;tico en la provincia.<\/p>\n<p>Adem&aacute;s, se est&aacute;n terminando de restaurar los radiantes existentes, con el objetivo de reutilizarlos el pr&oacute;ximo invierno. Se trata de la limpieza qu&iacute;mica y el pintado de los m&aacute;s de 200 radiadores que est&aacute;n en buenas condiciones de funcionamiento. En tanto, tambi&eacute;n se har&aacute; el remplazo de otros 70 artefactos que ya cumplieron con su vida &uacute;til.<\/p>\n<p>Mientras que ya se terminaron de construir las rampas de acceso y las salidas de emergencia a los sectores que se est&aacute;n interviniendo en el albergue educativo, en la zona del subsuelo.<\/p>\n<p>En tanto, para noviembre tambi&eacute;n est&aacute; estipulada la instalaci&oacute;n de 14 bombas en todo el recorrido de las largas ca&ntilde;er&iacute;as que posee el enorme establecimiento enclavado en el Parque General San Mart&iacute;n.<\/p>\n<p>La obra total contempla la instalaci&oacute;n de 5,7 kil&oacute;metros de las nuevas ca&ntilde;er&iacute;as. Se trata de un recambio de 4.200 metros de ca&ntilde;er&iacute;as de termofusi&oacute;n (agua) y 1.500 metros de tuber&iacute;as de acero, destinadas a transportar vapor.<\/p>\n<\/body><\/html>\n","protected":false},"excerpt":{"rendered":"Est\u00e1 previsto concluir los trabajos a fines de noviembre, pese a que el plazo es hasta los \u00faltimos d\u00edas de diciembre. Esta semana comenz\u00f3 la instalaci\u00f3n de los 12 intercambiadores en el subsuelo del establecimiento del Parque General San Mart\u00edn. Contin\u00faa la restauraci\u00f3n de 200 radiantes.","protected":false},"author":76,"featured_media":70915,"comment_status":"open","ping_status":"open","sticky":false,"template":"","format":"standard","meta":[],"categories":[1],"tags":[],"_links":{"self":[{"href":"https:\/\/www.mendoza.gov.ar\/prensa\/wp-json\/wp\/v2\/posts\/70914"}],"collection":[{"href":"https:\/\/www.mendoza.gov.ar\/prensa\/wp-json\/wp\/v2\/posts"}],"about":[{"href":"https:\/\/www.mendoza.gov.ar\/prensa\/wp-json\/wp\/v2\/types\/post"}],"author":[{"embeddable":true,"href":"https:\/\/www.mendoza.gov.ar\/prensa\/wp-json\/wp\/v2\/users\/76"}],"replies":[{"embeddable":true,"href":"https:\/\/www.mendoza.gov.ar\/prensa\/wp-json\/wp\/v2\/comments?post=70914"}],"version-history":[{"count":0,"href":"https:\/\/www.mendoza.gov.ar\/prensa\/wp-json\/wp\/v2\/posts\/70914\/revisions"}],"wp:featuredmedia":[{"embeddable":true,"href":"https:\/\/www.mendoza.gov.ar\/prensa\/wp-json\/wp\/v2\/media\/70915"}],"wp:attachment":[{"href":"https:\/\/www.mendoza.gov.ar\/prensa\/wp-json\/wp\/v2\/media?parent=70914"}],"wp:term":[{"taxonomy":"category","embeddable":true,"href":"https:\/\/www.mendoza.gov.ar\/prensa\/wp-json\/wp\/v2\/categories?post=70914"},{"taxonomy":"post_tag","embeddable":true,"href":"https:\/\/www.mendoza.gov.ar\/prensa\/wp-json\/wp\/v2\/tags?post=70914"}],"curies":[{"name":"wp","href":"https:\/\/api.w.org\/{rel}","templated":true}]}}