{"id":70924,"date":"2016-10-28T21:01:02","date_gmt":"2016-10-29T00:01:02","guid":{"rendered":"http:\/\/prensa.mendoza.gov.ar\/?p=70924"},"modified":"2016-10-28T21:01:02","modified_gmt":"2016-10-29T00:01:02","slug":"el-gobernador-se-reunio-con-intendentes-del-partido-justicialista","status":"publish","type":"post","link":"https:\/\/www.mendoza.gov.ar\/prensa\/el-gobernador-se-reunio-con-intendentes-del-partido-justicialista\/","title":{"rendered":"El Gobernador se reuni\u00f3 con intendentes del Partido Justicialista"},"content":{"rendered":"<!DOCTYPE html PUBLIC \"-\/\/W3C\/\/DTD HTML 4.0 Transitional\/\/EN\" \"http:\/\/www.w3.org\/TR\/REC-html40\/loose.dtd\">\n<html><body><p>Esta tarde, el Gobernador Alfredo Cornejo, junto a parte de su gabinete, se reuni&oacute; en su despacho con los intendentes mendocinos del Partido Justicialista. En el encuentro se trataron diversos temas, principalmente relacionados con las leyes econ&oacute;micas de la Provincia. Entre los puntos se encuentran aval&uacute;o, impositiva y presupuesto.<\/p>\n<p>Luego de la reuni&oacute;n, se brind&oacute; una conferencia de prensa en la que el ministro de Hacienda y Finanzas de Mendoza, Mart&iacute;n Kerchner; junto a Omar F&eacute;lix, y Roberto Righi, presidente y vice del Partido Justicialista respectivamente, brindaron detalles sobre los temas tratados.<\/p>\n<p><a href=\"https:\/\/www.mendoza.gov.ar\/prensa\/wp-content\/uploads\/sites\/23\/1DSC_0608.jpg\"><img loading=\"lazy\" class=\"alignnone wp-image-70926 img-responsive center-block\" src=\"https:\/\/www.mendoza.gov.ar\/prensa\/wp-content\/uploads\/sites\/23\/1DSC_0608.jpg\" alt=\"\" width=\"650\" height=\"432\"><\/a><\/p>\n<p>&ldquo;Acabamos de tener una reuni&oacute;n extensa y productiva con las autoridades del Partido Justicialista de la provincia, con los intendentes que comandan las distintas intendencias. Hemos tratado dos temas puntualmente, que tienen que ver con las leyes econ&oacute;micas. Por un lado, aval&uacute;o e impositiva, y por otro lado, la ley de presupuesto&rdquo;, detall&oacute; Kerchner. Y agreg&oacute;: &ldquo;En el primer caso hemos analizado todas las propuestas que nos enviaron oportunamente los distintos bloques del partido en la Legislatura, y hemos accedido a la gran mayor&iacute;a. Hemos aceptado esos cambios, ya sean totales o parciales, creyendo que adem&aacute;s mejoran la redacci&oacute;n del proyecto, mejoran la realidad de esa ley, que, como todos saben, para nosotros es muy importante, porque ser&iacute;an las primeras leyes que despu&eacute;s de mucho tiempo comienzan un camino de reducci&oacute;n de la presi&oacute;n fiscal. Esto es importante para apoyar el desarrollo econ&oacute;mico de la provincia, y es uno de los puntos principales en los que buscamos coincidir con las autoridades del Partido Justicialista de la provincia&rdquo;.<\/p>\n<p>Por su parte, F&eacute;lix destac&oacute; el trabajo en conjunto que se est&aacute; realizando: &ldquo;De los 12 puntos que propusimos para el proyecto de ley impositiva, en principio tenemos respuesta sobre 10, que vamos a analizar con nuestros t&eacute;cnicos, pero creo que esto muestra que hay un buen camino de di&aacute;logo y puntos de encuentro en la b&uacute;squeda de consenso.<\/p>\n<p>&ldquo;Creo que hemos avanzado bastante en lo que tiene que ver con la b&uacute;squeda de m&eacute;todos de consenso y entender que la prioridad de todos es mejorar la situaci&oacute;n de la provincia y de la calidad de vida de todos los mendocinos. Esto es el norte, lo que nos orienta, y en esta direcci&oacute;n debemos construir consensos que posibiliten esto en todo sentido&rdquo;, afirm&oacute; Righi, el intendente de Lavalle.<\/p>\n<p>En coincidencia, el ministro resalt&oacute; la actitud de consentimiento de ambas partes: &ldquo;En principio, hemos encontrado muchos puntos de acuerdo. Lo importante de esto es que estamos enfocados en encontrar consenso para que la provincia cuente r&aacute;pidamente con las leyes econ&oacute;micas que son las necesarias para continuar con el proceso que hab&iacute;amos encabezado en el gobierno en materia de hacer m&aacute;s eficiente el gasto&rdquo;.<\/p>\n<p>La pr&oacute;xima semana se analizar&aacute;n&nbsp;otros puntos relacionados con lo tratado en este encuentro.<\/p>\n<!--[if lt IE 9]><script>document.createElement('audio');<\/script><![endif]-->\n<audio class=\"wp-audio-shortcode\" id=\"audio-70924-1\" preload=\"none\" style=\"width: 100%;\" controls=\"controls\"><source type=\"audio\/mpeg\" src=\"https:\/\/www.mendoza.gov.ar\/prensa\/wp-content\/uploads\/sites\/23\/Conferencia-Kerchner-Felix-Righi-281016.mp3?_=1\" \/><a href=\"https:\/\/www.mendoza.gov.ar\/prensa\/wp-content\/uploads\/sites\/23\/Conferencia-Kerchner-Felix-Righi-281016.mp3\">https:\/\/www.mendoza.gov.ar\/prensa\/wp-content\/uploads\/sites\/23\/Conferencia-Kerchner-Felix-Righi-281016.mp3<\/a><\/audio>\n<\/body><\/html>\n","protected":false},"excerpt":{"rendered":"Se trataron temas relacionados con leyes econ\u00f3micas, como aval\u00fao, impositiva y presupuesto. Luego del encuentro, el ministro Mart\u00edn Kerchner junto a las autoridades del partido, Omar F\u00e9lix y Roberto Righi, brindaron una conferencia de prensa. Audio.","protected":false},"author":68,"featured_media":70925,"comment_status":"open","ping_status":"open","sticky":false,"template":"","format":"standard","meta":[],"categories":[19],"tags":[],"_links":{"self":[{"href":"https:\/\/www.mendoza.gov.ar\/prensa\/wp-json\/wp\/v2\/posts\/70924"}],"collection":[{"href":"https:\/\/www.mendoza.gov.ar\/prensa\/wp-json\/wp\/v2\/posts"}],"about":[{"href":"https:\/\/www.mendoza.gov.ar\/prensa\/wp-json\/wp\/v2\/types\/post"}],"author":[{"embeddable":true,"href":"https:\/\/www.mendoza.gov.ar\/prensa\/wp-json\/wp\/v2\/users\/68"}],"replies":[{"embeddable":true,"href":"https:\/\/www.mendoza.gov.ar\/prensa\/wp-json\/wp\/v2\/comments?post=70924"}],"version-history":[{"count":0,"href":"https:\/\/www.mendoza.gov.ar\/prensa\/wp-json\/wp\/v2\/posts\/70924\/revisions"}],"wp:featuredmedia":[{"embeddable":true,"href":"https:\/\/www.mendoza.gov.ar\/prensa\/wp-json\/wp\/v2\/media\/70925"}],"wp:attachment":[{"href":"https:\/\/www.mendoza.gov.ar\/prensa\/wp-json\/wp\/v2\/media?parent=70924"}],"wp:term":[{"taxonomy":"category","embeddable":true,"href":"https:\/\/www.mendoza.gov.ar\/prensa\/wp-json\/wp\/v2\/categories?post=70924"},{"taxonomy":"post_tag","embeddable":true,"href":"https:\/\/www.mendoza.gov.ar\/prensa\/wp-json\/wp\/v2\/tags?post=70924"}],"curies":[{"name":"wp","href":"https:\/\/api.w.org\/{rel}","templated":true}]}}