{"id":71084,"date":"2016-10-31T16:37:24","date_gmt":"2016-10-31T19:37:24","guid":{"rendered":"http:\/\/prensa.mendoza.gov.ar\/?p=71084"},"modified":"2016-10-31T16:37:24","modified_gmt":"2016-10-31T19:37:24","slug":"el-parque-general-san-martin-cumple-120-anos","status":"publish","type":"post","link":"https:\/\/www.mendoza.gov.ar\/prensa\/el-parque-general-san-martin-cumple-120-anos\/","title":{"rendered":"El Parque General San Mart\u00edn cumple 120 a\u00f1os"},"content":{"rendered":"<!DOCTYPE html PUBLIC \"-\/\/W3C\/\/DTD HTML 4.0 Transitional\/\/EN\" \"http:\/\/www.w3.org\/TR\/REC-html40\/loose.dtd\">\n<html><body><p>El Parque General San Mart&iacute;n cumple 120 a&ntilde;os y la Secretar&iacute;a de Cultura, a trav&eacute;s de la Direcci&oacute;n de Patrimonio Cultural y Museos y con el apoyo del Ente de Turismo y la Secretar&iacute;a de ambiente y Ordenamiento Territorial, ha programado actividades para destacar el valor hist&oacute;rico y patrimonial del principal espacio verde de nuestra provincia.<\/p>\n<p>La creaci&oacute;n del Parque del Oeste, como se denomin&oacute; inicialmente, se impuls&oacute; mediante la Ley N&deg;19 del Gobierno de Mendoza, el 6 de noviembre de 1896, durante la gesti&oacute;n de Juan Cornelio Moyano. El de Mendoza es uno de los parques p&uacute;blicos m&aacute;s relevantes de la Argentina y fue proyectado por el paisajista franc&eacute;s Carlos Thays. Abarca 307 hect&aacute;reas cultivadas con especies tra&iacute;das de todo el mundo, un lago artificial&nbsp; y 82 hect&aacute;reas en expansi&oacute;n. A lo largo de su historia, el parque ha sumado una serie de bienes culturales que se destacan por el valor hist&oacute;rico, art&iacute;stico y paisaj&iacute;stico.<\/p>\n<p><strong>Programa de actividades<\/strong><\/p>\n<ul>\n<li>Viernes 4 de noviembre, de 17 a 20.<\/li>\n<\/ul>\n<p>Jornada de charlas a cargo de especialistas nacionales y locales.<\/p>\n<p>Lugar: Museo de Ciencias Naturales y Antropol&oacute;gicas &ldquo;Juan Cornelio Moyano&rdquo;.<\/p>\n<p>Disertantes: Roxana Di Bello (Investigadora especialista en Historia del paisaje, Bs. As); Ricardo Ponte (Incihusa-Conicet); Silvia Cirvini (Incihusa-Conicet) y Claudia Mart&iacute;nez (Inahe-Conicet).<\/p>\n<ul>\n<li>S&aacute;bado 5 de noviembre<\/li>\n<\/ul>\n<p>Circuito 1. Caminata por el parque. Paisaje y Patrimonio.<\/p>\n<p>Con la participaci&oacute;n de p&uacute;blico en general y docentes y alumnos de las c&aacute;tedras de Paisajismo, ambiente y patrimonio de la carrera de Arquitectura de la Universidad de Mendoza, Universidad Nacional de Cuyo y Universidad de Congreso.<\/p>\n<p>Actividades: Recorridos por avenidas del parque y espacios significativos. Safari fotogr&aacute;fico y realizaci&oacute;n de croquis. Exposici&oacute;n de trabajos.<\/p>\n<p>Lugar de encuentro y salida: Portones del Parque.<\/p>\n<p>Horario: 11 y 18.<\/p>\n<p>Circuito 2. Recorrido en bicicleta por el Parque<\/p>\n<p>Recorridos por senderos con patrimonio forestal, arquitect&oacute;nico y escult&oacute;rico.<\/p>\n<p>Organizan en conjunto el Ente Mendoza&nbsp;Turismo&nbsp;y la Municipalidad de la Ciudad de Mendoza. Adhieren la Asociaci&oacute;n de Ciclistas Urbanos de Mendoza y PRO-Bici.<\/p>\n<p>Lugar de encuentro y salida: Portones del Parque.<\/p>\n<p>Horario: 11 y 18. Duraci&oacute;n del recorrido: 2 horas.<\/p>\n<ul>\n<li>Domingo 6 de noviembre<\/li>\n<\/ul>\n<p>A las 19: presentaci&oacute;n del proyecto de obras de acondicionamiento en el sector hist&oacute;rico del Parque General San Mart&iacute;n.<\/p>\n<p>Concierto de&nbsp;tango en el Museo de Ciencias Naturales y Antropol&oacute;gicas &ldquo;Juan Cornelio Moyano&rdquo;. Grupo: Tr&iacute;o Escolazo.<\/p>\n<p>Todas las actividades son con entrada libre y gratuita.<\/p>\n<p><strong>Algunos de los bienes culturales m&aacute;s relevantes del Parque<\/strong><\/p>\n<p><em>Los Portones del Parque<\/em><\/p>\n<p>Fueron adquiridos en Escocia a la fundici&oacute;n de &ldquo;Walter Mac Farlaine &amp; Co&rdquo; por el Gobierno de Mendoza, para el acceso al Parque General San Mart&iacute;n. Realizados en hierro fundido, est&aacute;n coronados por la figura de un c&oacute;ndor y el escudo de Mendoza.<\/p>\n<p><em>Los Caballitos de Marly<\/em><\/p>\n<p>Se ubican en el eje principal de ingreso, sobre la avenida del Libertador. La copia de los grupos escult&oacute;ricos es una reproducci&oacute;n de <em>Los caballos de Marly<\/em> que hab&iacute;an sido realizados por Guillermo Coustou para adornar los jardines del palacio de Marly (Francia) y fueron colocados en 1745.&nbsp; Los originales se encuentran en el Museo del Louvre. Los escult&oacute;ricos mendocinos fueron encargados por el gobierno provincial en 1911 a la firma francesa de Sahores y Ojeda de Par&iacute;s, y fue ejecutada por el artista Berthier.<\/p>\n<p><em>Fuente de los Continentes<\/em><\/p>\n<p>Fue adquirida a fundici&oacute;n francesa &ldquo;Val d&rsquo;Osne&rdquo; a trav&eacute;s de la casa importadora A. Moteau de Buenos Aires, que pose&iacute;a la representaci&oacute;n de la firma francesa. En ella se ven representados los continentes: Am&eacute;rica, Asia, Europa y &Aacute;frica. Se dej&oacute; de lado Ocean&iacute;a, que hasta poco tiempo antes hab&iacute;a sido considerado parte de Asia. Tiene motivos caracter&iacute;sticos de las fuentes ornamentales europeas de los siglos XVIII y XIX.<\/p>\n<p><em>Lago del Parque<\/em><\/p>\n<p>Tiene un kil&oacute;metro de largo por 100 metros de ancho y 2 metros de profundidad. En uno de los extremos se halla la isla, que mira hacia el edificio de Playas Serranas, donde se ubica el Museo de Ciencias Naturales y Antropol&oacute;gicas&nbsp;&ldquo;Juan Cornelio Moyano&rdquo;.<\/p>\n<p><em>Monumento al Ej&eacute;rcito de los Andes, Cerro de la Gloria<\/em><\/p>\n<p>Pr&oacute;ximo al parque se ubica el monumento que rinde homenaje a la gesta libertadora del General San Mart&iacute;n y al Ej&eacute;rcito de los Andes, inaugurado en 1914. Es obra del escultor uruguayo Juan Manuel Ferrari. La base est&aacute; realizada en piedra tra&iacute;da de la cordillera. De frente, y separado de este cuerpo, se halla la figura ecuestre de San Mart&iacute;n, quien con los brazos cruzados sobre el pecho mira hacia el infinito.<\/p>\n<p>Detr&aacute;s aparece un grupo de granaderos a caballo, 6 de cada lado, simbolizando la partida del Ej&eacute;rcito (caballos erguidos) y la llegada (caballos cansados). Son 6 de cada lado porque fueron 6 los pasos que el Ej&eacute;rcito utiliz&oacute; para cruzar la cordillera de los Andes. Alrededor del pedestal hay tres frisos que representan las principales escenas de la preparaci&oacute;n del cruce de la cordillera.<\/p>\n<\/body><\/html>\n","protected":false},"excerpt":{"rendered":"Con motivo de la celebraci\u00f3n, el pr\u00f3ximo fin de semana se realizar\u00e1n actividades en el pulm\u00f3n verde de la Ciudad de Mendoza para disfrutar de su belleza y poner en valor su historia. ","protected":false},"author":63,"featured_media":71085,"comment_status":"open","ping_status":"open","sticky":false,"template":"","format":"standard","meta":[],"categories":[8,37,3],"tags":[],"_links":{"self":[{"href":"https:\/\/www.mendoza.gov.ar\/prensa\/wp-json\/wp\/v2\/posts\/71084"}],"collection":[{"href":"https:\/\/www.mendoza.gov.ar\/prensa\/wp-json\/wp\/v2\/posts"}],"about":[{"href":"https:\/\/www.mendoza.gov.ar\/prensa\/wp-json\/wp\/v2\/types\/post"}],"author":[{"embeddable":true,"href":"https:\/\/www.mendoza.gov.ar\/prensa\/wp-json\/wp\/v2\/users\/63"}],"replies":[{"embeddable":true,"href":"https:\/\/www.mendoza.gov.ar\/prensa\/wp-json\/wp\/v2\/comments?post=71084"}],"version-history":[{"count":0,"href":"https:\/\/www.mendoza.gov.ar\/prensa\/wp-json\/wp\/v2\/posts\/71084\/revisions"}],"wp:featuredmedia":[{"embeddable":true,"href":"https:\/\/www.mendoza.gov.ar\/prensa\/wp-json\/wp\/v2\/media\/71085"}],"wp:attachment":[{"href":"https:\/\/www.mendoza.gov.ar\/prensa\/wp-json\/wp\/v2\/media?parent=71084"}],"wp:term":[{"taxonomy":"category","embeddable":true,"href":"https:\/\/www.mendoza.gov.ar\/prensa\/wp-json\/wp\/v2\/categories?post=71084"},{"taxonomy":"post_tag","embeddable":true,"href":"https:\/\/www.mendoza.gov.ar\/prensa\/wp-json\/wp\/v2\/tags?post=71084"}],"curies":[{"name":"wp","href":"https:\/\/api.w.org\/{rel}","templated":true}]}}