{"id":71207,"date":"2016-11-01T15:47:57","date_gmt":"2016-11-01T18:47:57","guid":{"rendered":"http:\/\/prensa.mendoza.gov.ar\/?p=71207"},"modified":"2016-11-01T15:47:57","modified_gmt":"2016-11-01T18:47:57","slug":"ambiente-participo-de-una-capacitacion-de-la-onu","status":"publish","type":"post","link":"https:\/\/www.mendoza.gov.ar\/prensa\/ambiente-participo-de-una-capacitacion-de-la-onu\/","title":{"rendered":"Ambiente particip\u00f3 de una capacitaci\u00f3n de la ONU"},"content":{"rendered":"<!DOCTYPE html PUBLIC \"-\/\/W3C\/\/DTD HTML 4.0 Transitional\/\/EN\" \"http:\/\/www.w3.org\/TR\/REC-html40\/loose.dtd\">\n<html><body><p>La Secretar&iacute;a de Ambiente y Ordenamiento Territorial particip&oacute; de la capacitaci&oacute;n desarrollada por el Programa Nacional ONU-REDD del Ministerio de Ambiente y Desarrollo Sustentable de Naci&oacute;n. El encuentro&nbsp; tuvo lugar en la ciudad de Paran&aacute;, Entre R&iacute;os, y tuvo como fin &nbsp;potenciar las capacidades nacionales y provinciales en relaci&oacute;n a la estrategia REDD+.<\/p>\n<p>El programa de la Organizaci&oacute;n de las Naciones Unidas apunta a disminuir las emisiones de di&oacute;xido de carbono en el planeta que, en un 20%, &nbsp;son consecuencia de la degradaci&oacute;n de los bosques.<\/p>\n<p>Teniendo en cuenta la contribuci&oacute;n de los bosques a la mitigaci&oacute;n del cambio clim&aacute;tico, la Convenci&oacute;n de las Naciones Unidas sobre Cambio Clim&aacute;tico&nbsp;ha desarrollado REDD+. Se trata de &nbsp;un mecanismo &nbsp;para proveer incentivos positivos a los pa&iacute;ses en desarrollo a fin de proteger sus recursos forestales, mejorar su gesti&oacute;n y utilizarlos de manera sostenible con el prop&oacute;sito de reducir las emisiones de di&oacute;xido de carbono producidas en el sector forestal.<\/p>\n<p>Con su participaci&oacute;n en la nueva capacitaci&oacute;n del organismo de Naciones Unidas, Mendoza cuenta con mayores posibilidades &nbsp;para acceder a beneficios internacionales en materia de mitigaci&oacute;n de Cambio Clim&aacute;tico y en la preservaci&oacute;n y puesta en valor de los Bosques Nativos.<\/p>\n<p>En la reuni&oacute;n mencionada, se postularon las caracter&iacute;sticas de la estrategia y procedimientos formales para acceder a beneficios internacionales, as&iacute; como tambi&eacute;n, se realiz&oacute; un intercambio de opiniones y experiencias entre las provincias y el Gobierno Nacional a efectos de nutrir dicha estrategia.<\/p>\n<\/body><\/html>\n","protected":false},"excerpt":{"rendered":"Cambio Clim\u00e1tico y preservaci\u00f3n de bosques nativos fueron los temas que se desarrollaron en el encuentro organizado por el Programa Nacional ONU-REDD, en Paran\u00e1, Entre R\u00edos. Se abre la posibilidad de recibir incentivos econ\u00f3micos para facilitar las tareas de mitigaci\u00f3n y preservaci\u00f3n.","protected":false},"author":63,"featured_media":71208,"comment_status":"open","ping_status":"open","sticky":false,"template":"","format":"standard","meta":[],"categories":[3],"tags":[],"_links":{"self":[{"href":"https:\/\/www.mendoza.gov.ar\/prensa\/wp-json\/wp\/v2\/posts\/71207"}],"collection":[{"href":"https:\/\/www.mendoza.gov.ar\/prensa\/wp-json\/wp\/v2\/posts"}],"about":[{"href":"https:\/\/www.mendoza.gov.ar\/prensa\/wp-json\/wp\/v2\/types\/post"}],"author":[{"embeddable":true,"href":"https:\/\/www.mendoza.gov.ar\/prensa\/wp-json\/wp\/v2\/users\/63"}],"replies":[{"embeddable":true,"href":"https:\/\/www.mendoza.gov.ar\/prensa\/wp-json\/wp\/v2\/comments?post=71207"}],"version-history":[{"count":0,"href":"https:\/\/www.mendoza.gov.ar\/prensa\/wp-json\/wp\/v2\/posts\/71207\/revisions"}],"wp:featuredmedia":[{"embeddable":true,"href":"https:\/\/www.mendoza.gov.ar\/prensa\/wp-json\/wp\/v2\/media\/71208"}],"wp:attachment":[{"href":"https:\/\/www.mendoza.gov.ar\/prensa\/wp-json\/wp\/v2\/media?parent=71207"}],"wp:term":[{"taxonomy":"category","embeddable":true,"href":"https:\/\/www.mendoza.gov.ar\/prensa\/wp-json\/wp\/v2\/categories?post=71207"},{"taxonomy":"post_tag","embeddable":true,"href":"https:\/\/www.mendoza.gov.ar\/prensa\/wp-json\/wp\/v2\/tags?post=71207"}],"curies":[{"name":"wp","href":"https:\/\/api.w.org\/{rel}","templated":true}]}}