{"id":71261,"date":"2016-11-02T09:04:32","date_gmt":"2016-11-02T12:04:32","guid":{"rendered":"http:\/\/prensa.mendoza.gov.ar\/?p=71261"},"modified":"2016-11-02T09:04:32","modified_gmt":"2016-11-02T12:04:32","slug":"desvio-de-transporte-en-calle-sobremonte","status":"publish","type":"post","link":"https:\/\/www.mendoza.gov.ar\/prensa\/desvio-de-transporte-en-calle-sobremonte\/","title":{"rendered":"Desv\u00edo de transporte en calle Sobremonte"},"content":{"rendered":"<!DOCTYPE html PUBLIC \"-\/\/W3C\/\/DTD HTML 4.0 Transitional\/\/EN\" \"http:\/\/www.w3.org\/TR\/REC-html40\/loose.dtd\">\n<html><body><p>La Municipalidad de la Ciudad de Mendoza realizar&aacute; trabajos de mantenimiento en calle Sobremonte entre Mart&iacute;nez de Rosas y Coronel Rodr&iacute;guez. Por ello, no se podr&aacute; circular por la zona durante 20 d&iacute;as&nbsp;y&nbsp;los servicios de transporte que circulan por la zona deber&aacute;n modificar su traza.<\/p>\n<p><b>Grupo&nbsp;4:&nbsp;<\/b>l&iacute;neas 44-46.<\/p>\n<p><strong>Grupo 5:&nbsp;<\/strong>l&iacute;neas 52-53-54-71-73.<\/p>\n<p><strong>Grupo 8:&nbsp;<\/strong>l&iacute;nea 103.<\/p>\n<p><strong>Grupo 700 y 750.<\/strong><\/p>\n<p>Todos los servicios desviar&aacute;n por Sobremonte, Mart&iacute;nez de Rosas, Lamadrid, Coronel Rodr&iacute;guez, Sobremonte y recorrido habitual.<\/p>\n<\/body><\/html>\n","protected":false},"excerpt":{"rendered":"Por obras de la Municipalidad de Mendoza en calle Sobremonte, habr\u00e1 desv\u00edos de transporte p\u00fablico por 20 d\u00edas.","protected":false},"author":76,"featured_media":71266,"comment_status":"open","ping_status":"open","sticky":false,"template":"","format":"standard","meta":[],"categories":[1],"tags":[],"_links":{"self":[{"href":"https:\/\/www.mendoza.gov.ar\/prensa\/wp-json\/wp\/v2\/posts\/71261"}],"collection":[{"href":"https:\/\/www.mendoza.gov.ar\/prensa\/wp-json\/wp\/v2\/posts"}],"about":[{"href":"https:\/\/www.mendoza.gov.ar\/prensa\/wp-json\/wp\/v2\/types\/post"}],"author":[{"embeddable":true,"href":"https:\/\/www.mendoza.gov.ar\/prensa\/wp-json\/wp\/v2\/users\/76"}],"replies":[{"embeddable":true,"href":"https:\/\/www.mendoza.gov.ar\/prensa\/wp-json\/wp\/v2\/comments?post=71261"}],"version-history":[{"count":0,"href":"https:\/\/www.mendoza.gov.ar\/prensa\/wp-json\/wp\/v2\/posts\/71261\/revisions"}],"wp:featuredmedia":[{"embeddable":true,"href":"https:\/\/www.mendoza.gov.ar\/prensa\/wp-json\/wp\/v2\/media\/71266"}],"wp:attachment":[{"href":"https:\/\/www.mendoza.gov.ar\/prensa\/wp-json\/wp\/v2\/media?parent=71261"}],"wp:term":[{"taxonomy":"category","embeddable":true,"href":"https:\/\/www.mendoza.gov.ar\/prensa\/wp-json\/wp\/v2\/categories?post=71261"},{"taxonomy":"post_tag","embeddable":true,"href":"https:\/\/www.mendoza.gov.ar\/prensa\/wp-json\/wp\/v2\/tags?post=71261"}],"curies":[{"name":"wp","href":"https:\/\/api.w.org\/{rel}","templated":true}]}}