{"id":71267,"date":"2016-11-02T09:08:20","date_gmt":"2016-11-02T12:08:20","guid":{"rendered":"http:\/\/prensa.mendoza.gov.ar\/?p=71267"},"modified":"2016-11-02T09:08:20","modified_gmt":"2016-11-02T12:08:20","slug":"un-taller-con-todos-los-sentidos","status":"publish","type":"post","link":"https:\/\/www.mendoza.gov.ar\/prensa\/un-taller-con-todos-los-sentidos\/","title":{"rendered":"Un taller con todos los sentidos"},"content":{"rendered":"<!DOCTYPE html PUBLIC \"-\/\/W3C\/\/DTD HTML 4.0 Transitional\/\/EN\" \"http:\/\/www.w3.org\/TR\/REC-html40\/loose.dtd\">\n<html><body><p><span id=\"m_-9215490977431666736yui_3_16_0_ym19_1_1478026741778_7065\">En el marco de las actividades impulsadas por el Departamento de Gesti&oacute;n de Pol&iacute;ticas Sociales para Adultos Mayores de la Obra Social de Empleados P&uacute;blicos, comenz&oacute; un nuevo &ldquo;Taller de los Sentidos&rdquo;, con una gran concurrencia.<\/span><span id=\"m_-9215490977431666736yui_3_16_0_ym19_1_1478026741778_7066\">&nbsp;<\/span><br id=\"m_-9215490977431666736yui_3_16_0_ym19_1_1478026741778_7067\"><br id=\"m_-9215490977431666736yui_3_16_0_ym19_1_1478026741778_7068\"><span id=\"m_-9215490977431666736yui_3_16_0_ym19_1_1478026741778_7069\">La&nbsp;actividad, que consta de tres jornadas, es coordinada por la doctora Paula Fachinelli y se lleva a cabo todos los<\/span><span id=\"m_-9215490977431666736yui_3_16_0_ym19_1_1478026741778_7070\">&nbsp;<\/span><span id=\"m_-9215490977431666736yui_3_16_0_ym19_1_1478026741778_7071\"><span id=\"m_-9215490977431666736yui_3_16_0_ym19_1_1478026741778_7072\"><span id=\"m_-9215490977431666736yui_3_16_0_ym19_1_1478026741778_7073\">martes<\/span><\/span><\/span><span id=\"m_-9215490977431666736yui_3_16_0_ym19_1_1478026741778_7074\">, de 9.30 a 11.30, en el SUM I del edificio Xeltahuina, ubicado en Salta 877 de Ciudad.<\/span><br id=\"m_-9215490977431666736yui_3_16_0_ym19_1_1478026741778_7075\"><br id=\"m_-9215490977431666736yui_3_16_0_ym19_1_1478026741778_7076\"><span id=\"m_-9215490977431666736yui_3_16_0_ym19_1_1478026741778_7077\">En esta ocasi&oacute;n, la doctora Silvana Stagnoli fue la encargada de exponer todos sus conocimientos acerca de salud visual, en un encuentro que convoc&oacute; a m&aacute;s de 30 personas.<\/span><br id=\"m_-9215490977431666736yui_3_16_0_ym19_1_1478026741778_7078\"><br id=\"m_-9215490977431666736yui_3_16_0_ym19_1_1478026741778_7079\"><span id=\"m_-9215490977431666736yui_3_16_0_ym19_1_1478026741778_7080\">El&nbsp;pr&oacute;ximo<\/span><span id=\"m_-9215490977431666736yui_3_16_0_ym19_1_1478026741778_7081\">&nbsp;<\/span><span id=\"m_-9215490977431666736yui_3_16_0_ym19_1_1478026741778_7082\"><span id=\"m_-9215490977431666736yui_3_16_0_ym19_1_1478026741778_7083\"><span id=\"m_-9215490977431666736yui_3_16_0_ym19_1_1478026741778_7084\">martes&nbsp;<\/span><\/span><\/span><span id=\"m_-9215490977431666736yui_3_16_0_ym19_1_1478026741778_7085\">se abordar&aacute;n temas relacionados con salud auditiva, mareos y v&eacute;rtigo, mientras que para la &uacute;ltima jornada est&aacute; previsto abordar salud bucal, en lo que ser&aacute; el cierre anual del taller.<\/span><br id=\"m_-9215490977431666736yui_3_16_0_ym19_1_1478026741778_7086\"><br id=\"m_-9215490977431666736yui_3_16_0_ym19_1_1478026741778_7087\"><span id=\"m_-9215490977431666736yui_3_16_0_ym19_1_1478026741778_7088\">Los interesados a&uacute;n pueden ingresar. Para ello, deber&aacute;n dirigirse al &Aacute;rea del Adulto Mayor, Rondeau 332, Ciudad, o directamente al SUM I, el<\/span><span id=\"m_-9215490977431666736yui_3_16_0_ym19_1_1478026741778_7089\">&nbsp;<\/span><span id=\"m_-9215490977431666736yui_3_16_0_ym19_1_1478026741778_7090\"><span id=\"m_-9215490977431666736yui_3_16_0_ym19_1_1478026741778_7091\"><span id=\"m_-9215490977431666736yui_3_16_0_ym19_1_1478026741778_7092\">martes<\/span><\/span><\/span><span id=\"m_-9215490977431666736yui_3_16_0_ym19_1_1478026741778_7093\">, a las 9.30.<\/span><\/p>\n<\/body><\/html>\n","protected":false},"excerpt":{"rendered":"Se desarrollan todos los martes por la ma\u00f1ana. Los dos pr\u00f3ximos talleres abordar\u00e1n la salud auditiva y la salud bucal respectivamente.","protected":false},"author":61,"featured_media":71268,"comment_status":"open","ping_status":"open","sticky":false,"template":"","format":"standard","meta":[],"categories":[30],"tags":[],"_links":{"self":[{"href":"https:\/\/www.mendoza.gov.ar\/prensa\/wp-json\/wp\/v2\/posts\/71267"}],"collection":[{"href":"https:\/\/www.mendoza.gov.ar\/prensa\/wp-json\/wp\/v2\/posts"}],"about":[{"href":"https:\/\/www.mendoza.gov.ar\/prensa\/wp-json\/wp\/v2\/types\/post"}],"author":[{"embeddable":true,"href":"https:\/\/www.mendoza.gov.ar\/prensa\/wp-json\/wp\/v2\/users\/61"}],"replies":[{"embeddable":true,"href":"https:\/\/www.mendoza.gov.ar\/prensa\/wp-json\/wp\/v2\/comments?post=71267"}],"version-history":[{"count":0,"href":"https:\/\/www.mendoza.gov.ar\/prensa\/wp-json\/wp\/v2\/posts\/71267\/revisions"}],"wp:featuredmedia":[{"embeddable":true,"href":"https:\/\/www.mendoza.gov.ar\/prensa\/wp-json\/wp\/v2\/media\/71268"}],"wp:attachment":[{"href":"https:\/\/www.mendoza.gov.ar\/prensa\/wp-json\/wp\/v2\/media?parent=71267"}],"wp:term":[{"taxonomy":"category","embeddable":true,"href":"https:\/\/www.mendoza.gov.ar\/prensa\/wp-json\/wp\/v2\/categories?post=71267"},{"taxonomy":"post_tag","embeddable":true,"href":"https:\/\/www.mendoza.gov.ar\/prensa\/wp-json\/wp\/v2\/tags?post=71267"}],"curies":[{"name":"wp","href":"https:\/\/api.w.org\/{rel}","templated":true}]}}