{"id":71270,"date":"2016-11-02T09:15:17","date_gmt":"2016-11-02T12:15:17","guid":{"rendered":"http:\/\/prensa.mendoza.gov.ar\/?p=71270"},"modified":"2016-11-02T09:15:17","modified_gmt":"2016-11-02T12:15:17","slug":"osep-participara-en-el-cantapueblo","status":"publish","type":"post","link":"https:\/\/www.mendoza.gov.ar\/prensa\/osep-participara-en-el-cantapueblo\/","title":{"rendered":"OSEP participar\u00e1 en el Cantapueblo"},"content":{"rendered":"<!DOCTYPE html PUBLIC \"-\/\/W3C\/\/DTD HTML 4.0 Transitional\/\/EN\" \"http:\/\/www.w3.org\/TR\/REC-html40\/loose.dtd\">\n<html><body><p><span id=\"m_-9215490977431666736yui_3_16_0_ym19_1_1478026741778_7225\">En el marco de una nueva edici&oacute;n de la fiesta coral &ldquo;Cantapueblo&rdquo;, el Coro de la Obra Social de Empleados P&uacute;blicos (OSEP), dirigido por Andr&eacute;s Iacopini, se presentar&aacute;<\/span><span id=\"m_-9215490977431666736yui_3_16_0_ym19_1_1478026741778_7226\">&nbsp;hoy<\/span><span id=\"m_-9215490977431666736yui_3_16_0_ym19_1_1478026741778_7230\">,<\/span><span id=\"m_-9215490977431666736yui_3_16_0_ym19_1_1478026741778_7231\">&nbsp;<\/span><span id=\"m_-9215490977431666736yui_3_16_0_ym19_1_1478026741778_7232\"><span id=\"m_-9215490977431666736yui_3_16_0_ym19_1_1478026741778_7233\"><span id=\"m_-9215490977431666736yui_3_16_0_ym19_1_1478026741778_7234\">2 de noviembre<\/span><\/span><\/span><span id=\"m_-9215490977431666736yui_3_16_0_ym19_1_1478026741778_7235\">, en el Espacio Cultural Julio Le Parc, junto a otras agrupaciones importantes de Latinoam&eacute;rica.<\/span><br id=\"m_-9215490977431666736yui_3_16_0_ym19_1_1478026741778_7236\"><br id=\"m_-9215490977431666736yui_3_16_0_ym19_1_1478026741778_7237\"><span id=\"m_-9215490977431666736yui_3_16_0_ym19_1_1478026741778_7238\">El espect&aacute;culo, que tendr&aacute; escenario en varios puntos de Mendoza, comenzar&aacute; a las 21 y el grupo musical de la obra social estar&aacute; cerrando la jornada.<\/span><span id=\"m_-9215490977431666736yui_3_16_0_ym19_1_1478026741778_7239\">&nbsp;<\/span><br id=\"m_-9215490977431666736yui_3_16_0_ym19_1_1478026741778_7240\"><br id=\"m_-9215490977431666736yui_3_16_0_ym19_1_1478026741778_7241\"><span id=\"m_-9215490977431666736yui_3_16_0_ym19_1_1478026741778_7242\">El&nbsp;coro est&aacute; compuesto por un n&uacute;mero importante de afiliados, en su mayor&iacute;a adultos mayores, que se re&uacute;nen &nbsp;a ensayar de<\/span><span id=\"m_-9215490977431666736yui_3_16_0_ym19_1_1478026741778_7243\">&nbsp;<\/span><span id=\"m_-9215490977431666736yui_3_16_0_ym19_1_1478026741778_7244\"><span id=\"m_-9215490977431666736yui_3_16_0_ym19_1_1478026741778_7245\"><span id=\"m_-9215490977431666736yui_3_16_0_ym19_1_1478026741778_7246\">lunes<\/span><\/span><\/span><span id=\"m_-9215490977431666736yui_3_16_0_ym19_1_1478026741778_7247\">&nbsp;<\/span><span id=\"m_-9215490977431666736yui_3_16_0_ym19_1_1478026741778_7248\">a<\/span><span id=\"m_-9215490977431666736yui_3_16_0_ym19_1_1478026741778_7249\">&nbsp;<\/span><span id=\"m_-9215490977431666736yui_3_16_0_ym19_1_1478026741778_7250\"><span id=\"m_-9215490977431666736yui_3_16_0_ym19_1_1478026741778_7251\"><span id=\"m_-9215490977431666736yui_3_16_0_ym19_1_1478026741778_7252\">jueves<\/span><\/span><\/span><span id=\"m_-9215490977431666736yui_3_16_0_ym19_1_1478026741778_7253\">, de 18 a 20, en el edificio Xeltahuina, Salta 877 de Ciudad.<\/span><br id=\"m_-9215490977431666736yui_3_16_0_ym19_1_1478026741778_7254\"><br id=\"m_-9215490977431666736yui_3_16_0_ym19_1_1478026741778_7255\"><span id=\"m_-9215490977431666736yui_3_16_0_ym19_1_1478026741778_7256\">Para m&aacute;s informaci&oacute;n, los interesados &nbsp;podr&aacute;n dirigirse al&nbsp;<\/span><span id=\"m_-9215490977431666736yui_3_16_0_ym19_1_1478026741778_7258\">Programa &ldquo;Salud + Recreaci&oacute;n&rdquo; o consultar al tel&eacute;fono&nbsp;<\/span><span id=\"m_-9215490977431666736yui_3_16_0_ym19_1_1478026741778_7260\">4419245.<\/span><\/p>\n<\/body><\/html>\n","protected":false},"excerpt":{"rendered":"Lo har\u00e1 a trav\u00e9s de su propio coro, formado por afiliados y es dirigido por Andr\u00e9s Iacopini.","protected":false},"author":61,"featured_media":71274,"comment_status":"open","ping_status":"open","sticky":false,"template":"","format":"standard","meta":[],"categories":[30],"tags":[],"_links":{"self":[{"href":"https:\/\/www.mendoza.gov.ar\/prensa\/wp-json\/wp\/v2\/posts\/71270"}],"collection":[{"href":"https:\/\/www.mendoza.gov.ar\/prensa\/wp-json\/wp\/v2\/posts"}],"about":[{"href":"https:\/\/www.mendoza.gov.ar\/prensa\/wp-json\/wp\/v2\/types\/post"}],"author":[{"embeddable":true,"href":"https:\/\/www.mendoza.gov.ar\/prensa\/wp-json\/wp\/v2\/users\/61"}],"replies":[{"embeddable":true,"href":"https:\/\/www.mendoza.gov.ar\/prensa\/wp-json\/wp\/v2\/comments?post=71270"}],"version-history":[{"count":0,"href":"https:\/\/www.mendoza.gov.ar\/prensa\/wp-json\/wp\/v2\/posts\/71270\/revisions"}],"wp:featuredmedia":[{"embeddable":true,"href":"https:\/\/www.mendoza.gov.ar\/prensa\/wp-json\/wp\/v2\/media\/71274"}],"wp:attachment":[{"href":"https:\/\/www.mendoza.gov.ar\/prensa\/wp-json\/wp\/v2\/media?parent=71270"}],"wp:term":[{"taxonomy":"category","embeddable":true,"href":"https:\/\/www.mendoza.gov.ar\/prensa\/wp-json\/wp\/v2\/categories?post=71270"},{"taxonomy":"post_tag","embeddable":true,"href":"https:\/\/www.mendoza.gov.ar\/prensa\/wp-json\/wp\/v2\/tags?post=71270"}],"curies":[{"name":"wp","href":"https:\/\/api.w.org\/{rel}","templated":true}]}}