{"id":71338,"date":"2016-11-02T14:41:34","date_gmt":"2016-11-02T17:41:34","guid":{"rendered":"http:\/\/prensa.mendoza.gov.ar\/?p=71338"},"modified":"2016-11-02T14:41:34","modified_gmt":"2016-11-02T17:41:34","slug":"ambiente-capacita-en-prevencion-y-control-de-incendios","status":"publish","type":"post","link":"https:\/\/www.mendoza.gov.ar\/prensa\/ambiente-capacita-en-prevencion-y-control-de-incendios\/","title":{"rendered":"Ambiente capacita en prevenci\u00f3n y control de incendios"},"content":{"rendered":"<!DOCTYPE html PUBLIC \"-\/\/W3C\/\/DTD HTML 4.0 Transitional\/\/EN\" \"http:\/\/www.w3.org\/TR\/REC-html40\/loose.dtd\">\n<html><body><p>En la base de incendios de Montecoman el Plan Provincial de Manejo del Fuego &nbsp;capacit&oacute; a los alumnos de la Tecnicatura en Conservaci&oacute;n de la Naturaleza (TECONA), del Instituto de Educaci&oacute;n F&iacute;sica. Participaron 50 alumnos de segundo a&ntilde;o que cursan la materia de Prevenci&oacute;n y Control de Incendios Forestales en las sedes de Mendoza y Malarg&uuml;e.<\/p>\n<p>El curso se realiz&oacute; durante dos jornadas intensivas los d&iacute;as 29 y 30 de octubre y estuvo a cargo del Coordinador del Plan Provincial de Manejo del Fuego, Guillermo Ferraris, junto al personal de la Base de Incendios Forestales Monte Com&aacute;n y&nbsp; los profesores a cargo de la materia en la Tecona.<\/p>\n<p><a href=\"https:\/\/www.mendoza.gov.ar\/prensa\/wp-content\/uploads\/sites\/23\/incendios1.jpg\"><img loading=\"lazy\" class=\"alignnone wp-image-71340 img-responsive center-block\" src=\"https:\/\/www.mendoza.gov.ar\/prensa\/wp-content\/uploads\/sites\/23\/incendios1.jpg\" alt=\"\" width=\"350\" height=\"233\"><\/a><\/p>\n<p>Los estudiantes pudieron poner en pr&aacute;ctica los conocimientos adquiridos en el cursado de la materia de Prevenci&oacute;n y Control de Incendios Forestales. Se realizaron tareas de mantenimiento y uso de herramientas manuales, equipos de corte &ndash; prestando especial atenci&oacute;n en su uso y normas de seguridad -, operaci&oacute;n de equipos de bombeo y aplicaci&oacute;n de agua, tendidos especiales de l&iacute;neas de mangueras, utilizaci&oacute;n de autobombas y sus accesorios, construcci&oacute;n de l&iacute;neas cortafuegos&nbsp; y l&iacute;neas de control teniendo en cuenta el uso de herramientas manuales y su respectiva secuencia para obtener la mayor efectividad durante su uso.<\/p>\n<p>Estas tareas culminaron con la realizaci&oacute;n de una quema controlada, la cual estuvo a cargo del personal de Incendios Forestales, para que los alumnos llevaran la teor&iacute;a a la pr&aacute;ctica y pudieran vivenciar y experimentar las distintas situaciones que suscitan&nbsp; durante el desarrollo de un incendio y sus tareas de extinci&oacute;n.<\/p>\n<p>El secretario de Ambiente y Ordenamiento Territorial, &nbsp;Humberto Mingorance, destac&oacute; la importancia de esta actividad para nuestra sociedad y recalc&oacute;: &ldquo;La quema controlada permiti&oacute; a los participantes observar el comportamiento del fuego acorde a las condiciones atmosf&eacute;ricas existentes, en relaci&oacute;n a la continuidad, la carga de combustible y la pendiente del terreno existentes en el lugar&rdquo;.<\/p>\n<p>Los alumnos analizaron el &aacute;rea de quema y evaluaron el estado de los combustibles existentes seg&uacute;n el contenido de humedad de los mismos. Esto les permiti&oacute; analizar el comportamiento del fuego seg&uacute;n variaba la carga de combustible, tipos de combustibles y la relaci&oacute;n existente con el contenido de humedad de los mismos.<\/p>\n<p>&ldquo;Estas pr&aacute;cticas se encuentran dentro de los objetivos del Plan Provincial de Manejo del Fuego en materia de transferencia de conocimientos y capacitaci&oacute;n hacia la comunidad en general. La capacitaci&oacute;n de los alumnos de la Tecnicatura en Conservaci&oacute;n es especialmente importante ya que en el futuro, muchos de ellos desarrollar&aacute;n sus actividades como agentes de conservaci&oacute;n en distintos organismos a nivel privado, provincial y nacional, contribuyendo as&iacute; a la protecci&oacute;n y conservaci&oacute;n de la flora y fauna&rdquo;, concluy&oacute; el Coordinador del Plan Provincial de Manejo del Fuego, Guillermo Ferraris.<\/p>\n<\/body><\/html>\n","protected":false},"excerpt":{"rendered":"Es parte de la campa\u00f1a que lanz\u00f3 la Secretar\u00eda de Ambiente para prevenir incendios. Estuvo dirigida a los alumnos de la tecnicatura en Conservaci\u00f3n de la Naturaleza.","protected":false},"author":63,"featured_media":71339,"comment_status":"open","ping_status":"open","sticky":false,"template":"","format":"standard","meta":[],"categories":[3],"tags":[],"_links":{"self":[{"href":"https:\/\/www.mendoza.gov.ar\/prensa\/wp-json\/wp\/v2\/posts\/71338"}],"collection":[{"href":"https:\/\/www.mendoza.gov.ar\/prensa\/wp-json\/wp\/v2\/posts"}],"about":[{"href":"https:\/\/www.mendoza.gov.ar\/prensa\/wp-json\/wp\/v2\/types\/post"}],"author":[{"embeddable":true,"href":"https:\/\/www.mendoza.gov.ar\/prensa\/wp-json\/wp\/v2\/users\/63"}],"replies":[{"embeddable":true,"href":"https:\/\/www.mendoza.gov.ar\/prensa\/wp-json\/wp\/v2\/comments?post=71338"}],"version-history":[{"count":0,"href":"https:\/\/www.mendoza.gov.ar\/prensa\/wp-json\/wp\/v2\/posts\/71338\/revisions"}],"wp:featuredmedia":[{"embeddable":true,"href":"https:\/\/www.mendoza.gov.ar\/prensa\/wp-json\/wp\/v2\/media\/71339"}],"wp:attachment":[{"href":"https:\/\/www.mendoza.gov.ar\/prensa\/wp-json\/wp\/v2\/media?parent=71338"}],"wp:term":[{"taxonomy":"category","embeddable":true,"href":"https:\/\/www.mendoza.gov.ar\/prensa\/wp-json\/wp\/v2\/categories?post=71338"},{"taxonomy":"post_tag","embeddable":true,"href":"https:\/\/www.mendoza.gov.ar\/prensa\/wp-json\/wp\/v2\/tags?post=71338"}],"curies":[{"name":"wp","href":"https:\/\/api.w.org\/{rel}","templated":true}]}}