{"id":71452,"date":"2016-11-03T23:09:03","date_gmt":"2016-11-04T02:09:03","guid":{"rendered":"http:\/\/prensa.mendoza.gov.ar\/?p=71452"},"modified":"2016-11-03T23:09:03","modified_gmt":"2016-11-04T02:09:03","slug":"cornejo-mendoza-crecera-con-un-estado-ordenado-eficaz-y-con-fuerte-autoridad-politica","status":"publish","type":"post","link":"https:\/\/www.mendoza.gov.ar\/prensa\/cornejo-mendoza-crecera-con-un-estado-ordenado-eficaz-y-con-fuerte-autoridad-politica\/","title":{"rendered":"Cornejo: \u201cMendoza crecer\u00e1 con un Estado ordenado, eficaz y con fuerte autoridad pol\u00edtica\u201d"},"content":{"rendered":"<!DOCTYPE html PUBLIC \"-\/\/W3C\/\/DTD HTML 4.0 Transitional\/\/EN\" \"http:\/\/www.w3.org\/TR\/REC-html40\/loose.dtd\">\n<html><body><p>El primer mandatario agradeci&oacute; la inversi&oacute;n de la empresa Adhepel en Mendoza. &ldquo;Una inversi&oacute;n puramente privada que se hace porque hay esperanzas en el pa&iacute;s y en la provincia, porque hay un cambio de ciclo pol&iacute;tico&rdquo;, expres&oacute;.<\/p>\n<p>Cornejo record&oacute; que Mendoza ha tenido altibajos y no ha sabido sostener su crecimiento porque se han cometido errores en materia econ&oacute;mica. &ldquo;Nosotros estamos dispuestos a enmendar esos errores y ser serios en los instrumentos de pol&iacute;tica econ&oacute;mica nacional y ser serios en la organizaci&oacute;n del Estado provincial&rdquo;, record&oacute;.<\/p>\n<p>El Gobernador reafirm&oacute; la idea central de que la actual gesti&oacute;n est&aacute; en la tarea de control y optimizaci&oacute;n del gasto p&uacute;blico y tambi&eacute;n de aliviar la carga impositiva de las empresas. La Legislatura provincial acaba de aprobar un proyecto para aliviar cargas fiscales de forma gradual, de forma leve y moderada.<\/p>\n<p>&ldquo;Esto es un signo que demuestra que es posible bajar la carga impositiva, porque se est&aacute; optimizando y controlando el gasto&rdquo;, sostuvo Cornejo.<\/p>\n<p><strong>Optimizar el gasto y mejorar los servicios <\/strong><\/p>\n<p>Otro de los datos aportados por Cornejo sobre el devenir de la econom&iacute;a en los &uacute;ltimos a&ntilde;os es que Mendoza ha duplicado su gasto p&uacute;blico -en los &uacute;ltimos 11 per&iacute;odos fiscales- en porcentaje a su producto bruto geogr&aacute;fico.<\/p>\n<p>&ldquo;Sin embargo, a pesar de gastar el doble, los servicios de salud, seguridad y educaci&oacute;n son peores que hace una d&eacute;cada. Esto es producto de una mala administraci&oacute;n, que decidimos enmendar con gastos sostenidos&rdquo;, subray&oacute;.<\/p>\n<p>Uno de los datos centrales ofrecidos hoy en su discurso en la planta industrial de Guaymall&eacute;n es que luego de 33 a&ntilde;os de democracia, &ldquo;el Estado provincial hoy tiene 4.000 empleados p&uacute;blicos menos&rdquo;.<\/p>\n<p>&ldquo;No es porque estemos en contra del empleo p&uacute;blico, pero creemos que el sector privado no puede financiar ese gasto con m&aacute;s impuestos y con m&aacute;s endeudamiento caro&rdquo;, dijo Cornejo.<\/p>\n<p><strong>Oportunidad para el sector privado<\/strong><\/p>\n<p>El mandatario tambi&eacute;n se refiri&oacute; a una de las herramientas fiscales que el Gobierno provincial puede accionar para favorecer al sector privado: el Fondo para la Transformaci&oacute;n y el Crecimiento.<\/p>\n<p>&ldquo;El fondo hoy presta menos dinero que cualquier sucursal de cualquier banco. Estamos capitalizando esa herramienta para prestar m&aacute;s. Tambi&eacute;n queremos llevar el a&ntilde;o pr&oacute;ximo la inversi&oacute;n en infraestructura a un 7%, contra s&oacute;lo el 3% que tuvimos el a&ntilde;o pasado&rdquo;.<\/p>\n<p>Cornejo reafirm&oacute; su idea de crecer genuinamente. &ldquo;Para lograrlo, necesitamos muchas empresas que inviertan. Mendoza crecer&aacute; de la mano de un Estado ordenado, eficaz, con orden interno y externo, con mucha autoridad pol&iacute;tica, y tambi&eacute;n con un sector privado que apueste a crecer, a endeudarse y a tomar m&aacute;s empleo&rdquo;, dijo finalmente el mandatario.<\/p>\n<p><strong>La empresa <\/strong><\/p>\n<p>La planta de etiquetas autoadhesivas Adhepel est&aacute; ubicada en calle Libertad 1477, de Villa Nueva, Guaymall&eacute;n.<\/p>\n<p>La empresa est&aacute; presente en el pa&iacute;s desde 1987&nbsp;y se dedica a la fabricaci&oacute;n de etiquetas autoadhesivas con un fuerte v&iacute;nculo con la industria vitivin&iacute;cola. Pertenece al grupo austr&iacute;aco CTI Holding, que tiene adem&aacute;s filiales en Italia, Espa&ntilde;a, Colombia y Austria.<\/p>\n<p>Son cien familias las que trabajan en torno a esta empresa que representa tanto la tradici&oacute;n de la impresi&oacute;n de etiquetas de alta calidad en nuestra provincia como la innovaci&oacute;n constante de la industria local.<\/p>\n<\/body><\/html>\n","protected":false},"excerpt":{"rendered":"En la inauguraci\u00f3n de la ampliaci\u00f3n de la planta de la empresa de etiquetas autoadhesivas Adhepel, en Guaymall\u00e9n, Alfredo Cornejo destac\u00f3 el gesto positivo para el sector privado que implica la disminuci\u00f3n de cargas impositivas obtenido hoy en la Legislatura.","protected":false},"author":68,"featured_media":71454,"comment_status":"open","ping_status":"open","sticky":false,"template":"","format":"standard","meta":[],"categories":[19],"tags":[],"_links":{"self":[{"href":"https:\/\/www.mendoza.gov.ar\/prensa\/wp-json\/wp\/v2\/posts\/71452"}],"collection":[{"href":"https:\/\/www.mendoza.gov.ar\/prensa\/wp-json\/wp\/v2\/posts"}],"about":[{"href":"https:\/\/www.mendoza.gov.ar\/prensa\/wp-json\/wp\/v2\/types\/post"}],"author":[{"embeddable":true,"href":"https:\/\/www.mendoza.gov.ar\/prensa\/wp-json\/wp\/v2\/users\/68"}],"replies":[{"embeddable":true,"href":"https:\/\/www.mendoza.gov.ar\/prensa\/wp-json\/wp\/v2\/comments?post=71452"}],"version-history":[{"count":0,"href":"https:\/\/www.mendoza.gov.ar\/prensa\/wp-json\/wp\/v2\/posts\/71452\/revisions"}],"wp:featuredmedia":[{"embeddable":true,"href":"https:\/\/www.mendoza.gov.ar\/prensa\/wp-json\/wp\/v2\/media\/71454"}],"wp:attachment":[{"href":"https:\/\/www.mendoza.gov.ar\/prensa\/wp-json\/wp\/v2\/media?parent=71452"}],"wp:term":[{"taxonomy":"category","embeddable":true,"href":"https:\/\/www.mendoza.gov.ar\/prensa\/wp-json\/wp\/v2\/categories?post=71452"},{"taxonomy":"post_tag","embeddable":true,"href":"https:\/\/www.mendoza.gov.ar\/prensa\/wp-json\/wp\/v2\/tags?post=71452"}],"curies":[{"name":"wp","href":"https:\/\/api.w.org\/{rel}","templated":true}]}}