{"id":71589,"date":"2016-11-05T08:00:55","date_gmt":"2016-11-05T11:00:55","guid":{"rendered":"http:\/\/prensa.mendoza.gov.ar\/?p=71589"},"modified":"2016-11-05T08:00:55","modified_gmt":"2016-11-05T11:00:55","slug":"ambiente-rescato-11-aves-de-trafico-ilegal-en-la-paz","status":"publish","type":"post","link":"https:\/\/www.mendoza.gov.ar\/prensa\/ambiente-rescato-11-aves-de-trafico-ilegal-en-la-paz\/","title":{"rendered":"Ambiente rescat\u00f3 11 aves de tr\u00e1fico ilegal en La Paz"},"content":{"rendered":"<!DOCTYPE html PUBLIC \"-\/\/W3C\/\/DTD HTML 4.0 Transitional\/\/EN\" \"http:\/\/www.w3.org\/TR\/REC-html40\/loose.dtd\">\n<html><body><p>Tras dar aviso el personal de Ambiente de la delegaci&oacute;n de La Paz, el equipo de Fauna de la Direcci&oacute;n de Recursos Naturales allan&oacute; un domicilio particular en el que se decomisaron 11 ejemplares: 4 picahuesos, 2 diucas, 1 vira vira, 1 ladrillito, 1 cabecita negra, 1 misto y 1 naranjero.<\/p>\n<p>Se secuestraron, adem&aacute;s, diversos tipos de artificios utilizados para la caza de aves como tramperos, jaulas, transportines, gomeras, adem&aacute;s de algunas piezas de la fauna silvestre como colmillos de jabal&iacute; y cola de piche.<\/p>\n<p>Ante la prohibici&oacute;n legal de tenencia, caza, transporte o comercializaci&oacute;n, se sancion&oacute; al infractor por transgredir las normativas vigentes de protecci&oacute;n a la fauna silvestre, qui&eacute;n &ndash;seg&uacute;n trascendi&oacute;- ya cuenta con antecedentes en estos il&iacute;citos.<\/p>\n<p>Recordemos que quienes infringen las normativas de protecci&oacute;n a la fauna silvestre de Mendoza, son susceptibles de recibir penas de prisi&oacute;n e inhabilitaci&oacute;n.<\/p>\n<\/body><\/html>\n","protected":false},"excerpt":{"rendered":"El operativo estuvo a cargo por el personal de Recursos Naturales Renovables de la Secretar\u00eda de Ambiente en el departamento de La Paz. Adem\u00e1s del rescate se secuestraron tramperos y colmillos de jabal\u00ed, entre otros.","protected":false},"author":63,"featured_media":71592,"comment_status":"open","ping_status":"open","sticky":false,"template":"","format":"standard","meta":[],"categories":[3],"tags":[],"_links":{"self":[{"href":"https:\/\/www.mendoza.gov.ar\/prensa\/wp-json\/wp\/v2\/posts\/71589"}],"collection":[{"href":"https:\/\/www.mendoza.gov.ar\/prensa\/wp-json\/wp\/v2\/posts"}],"about":[{"href":"https:\/\/www.mendoza.gov.ar\/prensa\/wp-json\/wp\/v2\/types\/post"}],"author":[{"embeddable":true,"href":"https:\/\/www.mendoza.gov.ar\/prensa\/wp-json\/wp\/v2\/users\/63"}],"replies":[{"embeddable":true,"href":"https:\/\/www.mendoza.gov.ar\/prensa\/wp-json\/wp\/v2\/comments?post=71589"}],"version-history":[{"count":0,"href":"https:\/\/www.mendoza.gov.ar\/prensa\/wp-json\/wp\/v2\/posts\/71589\/revisions"}],"wp:featuredmedia":[{"embeddable":true,"href":"https:\/\/www.mendoza.gov.ar\/prensa\/wp-json\/wp\/v2\/media\/71592"}],"wp:attachment":[{"href":"https:\/\/www.mendoza.gov.ar\/prensa\/wp-json\/wp\/v2\/media?parent=71589"}],"wp:term":[{"taxonomy":"category","embeddable":true,"href":"https:\/\/www.mendoza.gov.ar\/prensa\/wp-json\/wp\/v2\/categories?post=71589"},{"taxonomy":"post_tag","embeddable":true,"href":"https:\/\/www.mendoza.gov.ar\/prensa\/wp-json\/wp\/v2\/tags?post=71589"}],"curies":[{"name":"wp","href":"https:\/\/api.w.org\/{rel}","templated":true}]}}