{"id":71652,"date":"2016-11-05T14:47:56","date_gmt":"2016-11-05T17:47:56","guid":{"rendered":"http:\/\/prensa.mendoza.gov.ar\/?p=71652"},"modified":"2016-11-05T14:47:56","modified_gmt":"2016-11-05T17:47:56","slug":"cornejo-inversion-es-hacer-mas-casas-mas-rutas-mas-pavimentos-mas-canales-mas-escuelas","status":"publish","type":"post","link":"https:\/\/www.mendoza.gov.ar\/prensa\/cornejo-inversion-es-hacer-mas-casas-mas-rutas-mas-pavimentos-mas-canales-mas-escuelas\/","title":{"rendered":"Cornejo: \u201cInversi\u00f3n es hacer m\u00e1s casas, m\u00e1s rutas, m\u00e1s pavimentos, m\u00e1s canales, m\u00e1s escuelas\u201d"},"content":{"rendered":"<!DOCTYPE html PUBLIC \"-\/\/W3C\/\/DTD HTML 4.0 Transitional\/\/EN\" \"http:\/\/www.w3.org\/TR\/REC-html40\/loose.dtd\">\n<html><body><p>El Gobernador Alfredo Cornejo particip&oacute; en la noche del viernes de dos eventos empresariales y sociales. En primer lugar asisti&oacute; a la cena que organiz&oacute; la C&aacute;mara de Empresas Constructoras Independientes de Mendoza (CECIM) en su 14&deg; aniversario. All&iacute;, acompa&ntilde;ado por el ministro de Econom&iacute;a, Infraestructura y Energ&iacute;a, Enrique Vaqui&eacute;; y el secretario de Ambiente, Humberto Mingorance, ofreci&oacute; un discurso en el que destac&oacute; algunos logros obtenidos durante los &uacute;ltimos meses, como saldar la deuda que se ten&iacute;a con muchos de los empresarios de la construcci&oacute;n a trav&eacute;s del bono de consolidaci&oacute;n de deuda: &ldquo;Estamos saliendo de una crisis fiscal, pero por supuesto lejos de lo &oacute;ptimo que necesitamos los mendocinos en general. Hemos logrado entendimientos, un di&aacute;logo maduro e institucional con los principales proveedores del Estado, y en particular con la construcci&oacute;n. Hemos logrado saldar la deuda que ten&iacute;amos con muchos de ustedes, a trav&eacute;s del bono de consolidaci&oacute;n de deuda, deudas muy atrasadas de los a&ntilde;os 2012 al 2015&rdquo;.<\/p>\n<p>Entre otros aspectos, el mandatario destac&oacute; la optimizaci&oacute;n del gasto p&uacute;blico en 2016: &ldquo;M&aacute;s inversiones y menos gasto corriente en el Estado, hacia eso queremos ir con la colaboraci&oacute;n y participaci&oacute;n de ustedes. Este trabajo ha sido posible porque lo hemos hecho con todos los ministerios.El Gobierno en su conjunto y apoyado por la Legislatura, logramos optimizar en parte el gasto p&uacute;blico. Creemos que a&uacute;n hay mucho por hacer hacia adelante. En el 2015, y lo dije hace un a&ntilde;o, se invirti&oacute; solo un 3% de los recursos del Estado provincial, en este a&ntilde;o vamos a terminar invirtiendo un 5%, y la verdad que hemos estado muy cortos en materia de obra este a&ntilde;o, y en el pr&oacute;ximo a&ntilde;o, en el presupuesto que aspiramos nos apruebe la Legislatura el mi&eacute;rcoles que viene, pensamos invertir un 8%&rdquo;.<\/p>\n<p>Tambi&eacute;n destac&oacute; los resultados de trabajar en conjunto con los distintos sectores: &nbsp;&ldquo;Somos conscientes de que hay muchas cosas por hacer al optimizar el gasto y mejorar la inversi&oacute;n, queremos seguir trabajando juntos con la C&aacute;mara, al igual que con el resto de las C&aacute;maras, seguir aumentando la inversi&oacute;n y llegar a los lugares y a los porcentajes que necesita Mendoza para crecer&rdquo;, y destac&oacute;: &ldquo;Inversi&oacute;n es hacer m&aacute;s casas, donde ustedes son unos de los principales proveedores; inversi&oacute;n es hacer m&aacute;s rutas, m&aacute;s pavimentos, m&aacute;s canales, m&aacute;s escuelas&rdquo;.<\/p>\n<!--[if lt IE 9]><script>document.createElement('audio');<\/script><![endif]-->\n<audio class=\"wp-audio-shortcode\" id=\"audio-71652-1\" preload=\"none\" style=\"width: 100%;\" controls=\"controls\"><source type=\"audio\/mpeg\" src=\"https:\/\/www.mendoza.gov.ar\/prensa\/wp-content\/uploads\/sites\/23\/GOBERNACION-AUDIO-CENA-CECIM-PRENSA.mp3?_=1\" \/><a href=\"https:\/\/www.mendoza.gov.ar\/prensa\/wp-content\/uploads\/sites\/23\/GOBERNACION-AUDIO-CENA-CECIM-PRENSA.mp3\">https:\/\/www.mendoza.gov.ar\/prensa\/wp-content\/uploads\/sites\/23\/GOBERNACION-AUDIO-CENA-CECIM-PRENSA.mp3<\/a><\/audio>\n<p><strong>&ldquo;La sociedad civil con responsabilidad debe trabajar en conjunto con el Estado para solucionar esos problemas&rdquo;<\/strong><\/p>\n<p>M&aacute;s tarde, el Gobernador particip&oacute; de la Cena Anual de Valos y la Fundaci&oacute;n Banco de Alimentos Mendoza. All&iacute; tambi&eacute;n brind&oacute; un discurso a los presentes, donde destac&oacute; que &ldquo;a medida que nuestras sociedades crecen, evolucionan, son diversas, queda evidente que el Estado solo no puede resolver adecuadamente todos los problemas, y no solo que no puede sino que en muchos aspectos no debe resolverlos todos, sino que al contrario, hay que aportar a una soluci&oacute;n integral donde la sociedad civil con responsabilidad debe trabajar en conjunto con el Estado para solucionar esos problemas. En este sentido es muy importante lo que hacen estas dos instituciones, Valos y Fundaci&oacute;n Banco de Alimentos Mendoza&rdquo;.<\/p>\n<p><a href=\"https:\/\/www.mendoza.gov.ar\/prensa\/wp-content\/uploads\/sites\/23\/DSC_0980.jpg\"><img loading=\"lazy\" class=\"alignnone wp-image-71663 img-responsive center-block\" src=\"https:\/\/www.mendoza.gov.ar\/prensa\/wp-content\/uploads\/sites\/23\/DSC_0980.jpg\" alt=\"\" width=\"650\" height=\"432\"><\/a><\/p>\n<p>Adem&aacute;s, Cornejo sostuvo que &ldquo;debemos enfocar nuestro debate social en la opini&oacute;n p&uacute;blica, acerca de los problemas que tenemos, pero exigirnos, exigirle al Gobierno, exigirme a m&iacute; y a las distintas instituciones y poderes, que procuremos la soluci&oacute;n de los problemas y levantar la calidad del debate. El problema est&aacute; en c&oacute;mo se lo resuelve, sin demagogia, abandonando una cultura populista que no nos lleva a ning&uacute;n lado, aplicando sensibilidad social, enfocando los problemas donde hay y procurando que la soluci&oacute;n sea accesible y pr&aacute;ctica&rdquo;.<\/p>\n<p><strong>Las fundaciones<\/strong><\/p>\n<p>Valos es una fundaci&oacute;n que promueve pr&aacute;cticas de Responsabilidad Empresaria junto a empresas y empresarios que operan en Mendoza, alentando relaciones sin&eacute;rgicas, en una nueva forma de hacer negocios y promoviendo el desarrollo sostenible de nuestro medio.<\/p>\n<p>Fundaci&oacute;n Banco de Alimentos Mendoza nace en el a&ntilde;o 2002 con el objetivo de contribuir a reducir el hambre solicitando la donaci&oacute;n de alimentos aptos para el consumo, clasific&aacute;ndolos, almacen&aacute;ndolos y distribuy&eacute;ndolos a organizaciones sociales. Brinda asistencia a 83 organizaciones sociales y a trav&eacute;s de ellas colabora con la alimentaci&oacute;n de m&aacute;s de 21 mil personas, de las cuales 16 mil son ni&ntilde;os.<\/p>\n<audio class=\"wp-audio-shortcode\" id=\"audio-71652-2\" preload=\"none\" style=\"width: 100%;\" controls=\"controls\"><source type=\"audio\/mpeg\" src=\"https:\/\/www.mendoza.gov.ar\/prensa\/wp-content\/uploads\/sites\/23\/GOBERNACION-AUDIO-CENA-VALOS-PRENSA.mp3?_=2\" \/><a href=\"https:\/\/www.mendoza.gov.ar\/prensa\/wp-content\/uploads\/sites\/23\/GOBERNACION-AUDIO-CENA-VALOS-PRENSA.mp3\">https:\/\/www.mendoza.gov.ar\/prensa\/wp-content\/uploads\/sites\/23\/GOBERNACION-AUDIO-CENA-VALOS-PRENSA.mp3<\/a><\/audio>\n<\/body><\/html>\n","protected":false},"excerpt":{"rendered":"As\u00ed lo sostuvo el Gobernador durante el discurso que brind\u00f3 en la cena por el 14\u00b0 aniversario de la C\u00e1mara de Empresas Constructoras Independientes de Mendoza (Cecim). Adem\u00e1s, resalt\u00f3 objetivos fiscales logrados. M\u00e1s tarde, particip\u00f3 tambi\u00e9n de la Cena Anual de Valos.","protected":false},"author":68,"featured_media":71657,"comment_status":"open","ping_status":"open","sticky":false,"template":"","format":"standard","meta":[],"categories":[19],"tags":[],"_links":{"self":[{"href":"https:\/\/www.mendoza.gov.ar\/prensa\/wp-json\/wp\/v2\/posts\/71652"}],"collection":[{"href":"https:\/\/www.mendoza.gov.ar\/prensa\/wp-json\/wp\/v2\/posts"}],"about":[{"href":"https:\/\/www.mendoza.gov.ar\/prensa\/wp-json\/wp\/v2\/types\/post"}],"author":[{"embeddable":true,"href":"https:\/\/www.mendoza.gov.ar\/prensa\/wp-json\/wp\/v2\/users\/68"}],"replies":[{"embeddable":true,"href":"https:\/\/www.mendoza.gov.ar\/prensa\/wp-json\/wp\/v2\/comments?post=71652"}],"version-history":[{"count":0,"href":"https:\/\/www.mendoza.gov.ar\/prensa\/wp-json\/wp\/v2\/posts\/71652\/revisions"}],"wp:featuredmedia":[{"embeddable":true,"href":"https:\/\/www.mendoza.gov.ar\/prensa\/wp-json\/wp\/v2\/media\/71657"}],"wp:attachment":[{"href":"https:\/\/www.mendoza.gov.ar\/prensa\/wp-json\/wp\/v2\/media?parent=71652"}],"wp:term":[{"taxonomy":"category","embeddable":true,"href":"https:\/\/www.mendoza.gov.ar\/prensa\/wp-json\/wp\/v2\/categories?post=71652"},{"taxonomy":"post_tag","embeddable":true,"href":"https:\/\/www.mendoza.gov.ar\/prensa\/wp-json\/wp\/v2\/tags?post=71652"}],"curies":[{"name":"wp","href":"https:\/\/api.w.org\/{rel}","templated":true}]}}