{"id":71669,"date":"2016-11-05T17:05:05","date_gmt":"2016-11-05T20:05:05","guid":{"rendered":"http:\/\/prensa.mendoza.gov.ar\/?p=71669"},"modified":"2019-03-11T10:15:00","modified_gmt":"2019-03-11T13:15:00","slug":"unicipio-el-especialista-quetglas-diserto-en-mendoza","status":"publish","type":"post","link":"https:\/\/www.mendoza.gov.ar\/prensa\/unicipio-el-especialista-quetglas-diserto-en-mendoza\/","title":{"rendered":"UNICIPIO: el especialista Quetglas disert\u00f3 en Mendoza"},"content":{"rendered":"<!DOCTYPE html PUBLIC \"-\/\/W3C\/\/DTD HTML 4.0 Transitional\/\/EN\" \"http:\/\/www.w3.org\/TR\/REC-html40\/loose.dtd\">\n<html><body><p>La Secretar&iacute;a de Ambiente organiz&oacute; un nuevo encuentro de UNICIPIO, en el que el especialista en temas territoriales y desarrollo, Fabio Quetglas, present&oacute; &ldquo;Enfoques conceptuales de la metropolitanizaci&oacute;n&rdquo;.<\/p>\n<p>Humberto Mingorance, titular de la cartera provincial presenci&oacute; la actividad y destac&oacute; que &ldquo;el objetivo del encuentro fue contar con una opini&oacute;n calificada para empezar a discutir qu&eacute; modelo es el m&aacute;s conveniente para el &aacute;rea urbana m&aacute;s grande de la provincia&rdquo;.<\/p>\n<p>Adem&aacute;s, el funcionario enfatiz&oacute; en la importancia de contar con profesionales destacados que brinden nuevas perspectivas: &ldquo;Convocamos a un especialista de la talla de Quetglas para que nos transmita su experiencia. Contar con una perspectiva que nos ayude a pensar cu&aacute;l es el modelo m&aacute;s conveniente para el &Aacute;rea Metropolitana de Mendoza y luego cogestionar ciertas acciones o implementar pol&iacute;ticas p&uacute;blicas en com&uacute;n acuerdo&rdquo;.<\/p>\n<p>El disertante abord&oacute; diversas tem&aacute;ticas relacionadas con los principales problemas metropolitanos, la realidad latinoamericana, el rol de las pol&iacute;ticas p&uacute;blicas, como as&iacute; tambi&eacute;n cu&aacute;les podr&iacute;an ser las estrategias concretas factibles de adoptar de acuerdo a nuestra realidad.<\/p>\n<p>&ldquo;Es una noticia excelente la decisi&oacute;n del gobierno provincial de constituir un espacio paritario entre las municipalidades&nbsp; que integran lo que ustedes llaman UNICIPIO y la provincia. Construir un &aacute;mbito donde converja la vocaci&oacute;n pol&iacute;tica de ordenar el espacio metropolitano y la capacidad t&eacute;cnica de las personas que trabajan en los distintos municipios, es una decisi&oacute;n sumamente importante para Mendoza&rdquo;, remarc&oacute; Quetglas.<\/p>\n<p>Quetglas &ndash;experto profesional especializado en Barcelona y en Italia-, es reconocido por su perfil que combina la reflexi&oacute;n te&oacute;rica, la capacitaci&oacute;n o divulgaci&oacute;n y la gesti&oacute;n de programas y pol&iacute;ticas de promoci&oacute;n del Desarrollo, Planificaci&oacute;n y Gesti&oacute;n de Ciudades.<\/p>\n<\/body><\/html>\n","protected":false},"excerpt":{"rendered":"\u201cEnfoques conceptuales de la metropolitanizaci\u00f3n\u201d fue el tema de la disertaci\u00f3n que se realiz\u00f3 en la Enoteca este viernes. El objetivo fue acercar una nueva perspectiva de an\u00e1lisis sobre el \u00e1rea del Gran Mendoza.","protected":false},"author":68,"featured_media":71680,"comment_status":"open","ping_status":"open","sticky":false,"template":"","format":"standard","meta":[],"categories":[3,1792],"tags":[],"_links":{"self":[{"href":"https:\/\/www.mendoza.gov.ar\/prensa\/wp-json\/wp\/v2\/posts\/71669"}],"collection":[{"href":"https:\/\/www.mendoza.gov.ar\/prensa\/wp-json\/wp\/v2\/posts"}],"about":[{"href":"https:\/\/www.mendoza.gov.ar\/prensa\/wp-json\/wp\/v2\/types\/post"}],"author":[{"embeddable":true,"href":"https:\/\/www.mendoza.gov.ar\/prensa\/wp-json\/wp\/v2\/users\/68"}],"replies":[{"embeddable":true,"href":"https:\/\/www.mendoza.gov.ar\/prensa\/wp-json\/wp\/v2\/comments?post=71669"}],"version-history":[{"count":1,"href":"https:\/\/www.mendoza.gov.ar\/prensa\/wp-json\/wp\/v2\/posts\/71669\/revisions"}],"predecessor-version":[{"id":175753,"href":"https:\/\/www.mendoza.gov.ar\/prensa\/wp-json\/wp\/v2\/posts\/71669\/revisions\/175753"}],"wp:featuredmedia":[{"embeddable":true,"href":"https:\/\/www.mendoza.gov.ar\/prensa\/wp-json\/wp\/v2\/media\/71680"}],"wp:attachment":[{"href":"https:\/\/www.mendoza.gov.ar\/prensa\/wp-json\/wp\/v2\/media?parent=71669"}],"wp:term":[{"taxonomy":"category","embeddable":true,"href":"https:\/\/www.mendoza.gov.ar\/prensa\/wp-json\/wp\/v2\/categories?post=71669"},{"taxonomy":"post_tag","embeddable":true,"href":"https:\/\/www.mendoza.gov.ar\/prensa\/wp-json\/wp\/v2\/tags?post=71669"}],"curies":[{"name":"wp","href":"https:\/\/api.w.org\/{rel}","templated":true}]}}