{"id":71764,"date":"2016-11-07T16:13:20","date_gmt":"2016-11-07T19:13:20","guid":{"rendered":"http:\/\/prensa.mendoza.gov.ar\/?p=71764"},"modified":"2016-11-07T16:13:20","modified_gmt":"2016-11-07T19:13:20","slug":"el-gobernador-anuncio-el-plan-de-obras-para-el-parque-general-san-martin","status":"publish","type":"post","link":"https:\/\/www.mendoza.gov.ar\/prensa\/el-gobernador-anuncio-el-plan-de-obras-para-el-parque-general-san-martin\/","title":{"rendered":"El Gobernador anunci\u00f3 el plan de obras para el Parque General San Mart\u00edn"},"content":{"rendered":"<!DOCTYPE html PUBLIC \"-\/\/W3C\/\/DTD HTML 4.0 Transitional\/\/EN\" \"http:\/\/www.w3.org\/TR\/REC-html40\/loose.dtd\">\n<html><body><p>El Parque General San Mart&iacute;n cumpli&oacute; 120 a&ntilde;os este domingo. En este contexto, el Gobernador Alfredo Cornejo anunci&oacute; el plan de obras ideado por el Gobierno provincial. &ldquo;La iniciativa surgi&oacute; de la Secretar&iacute;a de Ambiente; mientras que la formulaci&oacute;n del proyecto la realiz&oacute; la Subsecretar&iacute;a de Obras, del Ministerio de Econom&iacute;a, Infraestructura y Energ&iacute;a&rdquo;, explic&oacute; Cornejo tras destacar que el plan &ldquo;se comenz&oacute; a gestar desde el inicio de mi gesti&oacute;n&rdquo;.<\/p>\n<p>C&aacute;maras de seguridad, repavimentaci&oacute;n de calles, luminaria LED y restauraci&oacute;n de las existentes, restricci&oacute;n vehicular y nuevos espacios son algunos de los ejes principales contemplados en la puesta en valor del predio, que requerir&aacute; una inversi&oacute;n de&nbsp;$100 millones. Se estima que las obras comiencen&nbsp;durante el primer trimestre de 2017 y que concluyan antes de que finalice el mandato de Alfredo Cornejo.<\/p>\n<p><a href=\"https:\/\/www.mendoza.gov.ar\/prensa\/wp-content\/uploads\/sites\/23\/cornejo-interior.jpg\"><img loading=\"lazy\" class=\"alignnone wp-image-71771 img-responsive center-block\" src=\"https:\/\/www.mendoza.gov.ar\/prensa\/wp-content\/uploads\/sites\/23\/cornejo-interior.jpg\" alt=\"\" width=\"350\" height=\"232\"><\/a><\/p>\n<p>&ldquo;Se trata de una refacci&oacute;n general del Parque, tratando de volverlo m&aacute;s amigable, donde el privilegio lo tengan el peat&oacute;n, el deportista, el caminante, el que viene a hacer ejercicio o recrearse con la familia. Ese es el nuevo concepto: tendr&aacute; ciclov&iacute;as, lugares para las bicicletas, adem&aacute;s de una refacci&oacute;n general de la se&ntilde;al&eacute;tica y del equipamiento urban&iacute;stico&rdquo;, subray&oacute; Cornejo.&nbsp;El mandatario se&ntilde;al&oacute; que tambi&eacute;n se invertir&aacute; en la &ldquo;iluminaci&oacute;n, de manera tal que en la noche sea un lugar tranquilo y tendremos una gran cantidad de c&aacute;maras de seguridad que ser&aacute;n monitoreadas espec&iacute;ficamente y ubicadas estrat&eacute;gicamente a lo largo de todo el Parque. Queremos que sea una obra que b&aacute;sicamente tenga un contenido antivand&aacute;lico&rdquo;.<\/p>\n<p>El Gobernador agradeci&oacute; a quienes prestan servicios en el lugar y a la Administraci&oacute;n de Parques y Zool&oacute;gico &ldquo;por el trabajo realizado en conjunto para restaurarlo&rdquo;, y subray&oacute;: &ldquo;Queremos restablecer el Parque a pleno y para ello necesitamos que los mendocinos y los empleados de este pulm&oacute;n nos ayuden a cuidarlo. Voy a poner especial atenci&oacute;n en la gesti&oacute;n de mis funcionarios para custodiarlo&rdquo;.<\/p>\n<p>&ldquo;Los convoco a realizar esta obra, pero tambi&eacute;n a mantenerla y a gestionarla en el futuro, para que siga siendo el orgullo de los mendocinos. El Parque va a seguir siendo un lugar familiar. Ha habido hechos de inseguridad, vandalismo, est&aacute; deteriorado y por eso estamos tratando de intervenirlo integralmente&rdquo;, concluy&oacute; Cornejo.<\/p>\n<p><a href=\"https:\/\/www.mendoza.gov.ar\/prensa\/wp-content\/uploads\/sites\/23\/abanderados.jpg\"><img loading=\"lazy\" class=\"alignnone wp-image-71770 img-responsive center-block\" src=\"https:\/\/www.mendoza.gov.ar\/prensa\/wp-content\/uploads\/sites\/23\/abanderados.jpg\" alt=\"\" width=\"350\" height=\"232\"><\/a><\/p>\n<p>La vicegobernadora, Laura Montero; el secretario de Ambiente y Ordenamiento Territorial, Humberto Mingorance; el ministro de Hacienda y Finanzas, Mart&iacute;n Kerchner; el ministro de Econom&iacute;a, Infraestructura y Energ&iacute;a, Enrique Vaqui&eacute;, y el director general de Polic&iacute;as, Roberto Munives, entre otras autoridades del Ejecutivo provincial, legisladores provinciales y nacionales participaron en el acto oficial, donde se anunci&oacute; el Plan de Obras y Remodelaciones, que se realiz&oacute; en la rotonda de los Caballitos de Marly este mediod&iacute;a.<\/p>\n<p><strong>Las obras incluyen:<\/strong><\/p>\n<ul>\n<li><strong>Ampliaci&oacute;n de paseos peatonales<\/strong><\/li>\n<\/ul>\n<p>&ndash; Cambio en la imagen de paseos del Rosedal y Costanera del Lago (ampliaci&oacute;n de espacios verdes).<\/p>\n<p>&ndash; Realizaci&oacute;n de cruces peatonales a nivel de veredas.<\/p>\n<ul>\n<li><strong>Extensi&oacute;n, ampliaci&oacute;n de ciclov&iacute;as y vinculaci&oacute;n con red la existente de Capital y Godoy Cruz (6 km).&nbsp;<\/strong><\/li>\n<\/ul>\n<ul>\n<li><strong>Creaci&oacute;n de la plaza mayor Fuente de los Continentes en uni&oacute;n con la Rotonda de Diana y Endimi&oacute;n.&nbsp;<\/strong><\/li>\n<\/ul>\n<ul>\n<li><strong>Recuperaci&oacute;n y remodelaci&oacute;n de sanitarios existentes.&nbsp;<\/strong><\/li>\n<\/ul>\n<ul>\n<li><strong>Nuevo equipamiento urbano:<\/strong><\/li>\n<\/ul>\n<p>&ndash; Bancos, cestos de residuos y bebederos.<\/p>\n<p>&ndash; Estacionamientos de bicicletas para promover el uso de este medio de transporte.<\/p>\n<p>&ndash; Colocaci&oacute;n de se&ntilde;al&eacute;tica informativa, destacando puntos de inter&eacute;s y demarcaci&oacute;n de circuitos a paseantes.<\/p>\n<ul>\n<li><strong>Repavim<\/strong><strong>entaci&oacute;n de calles 160.000 m2<\/strong><\/li>\n<\/ul>\n<p>&ndash; Reubicaci&oacute;n de rotondas.<\/p>\n<p>&ndash; Ordenamiento vial y determinaci&oacute;n de zonas para estacionamiento.<\/p>\n<p>&ndash; Obras de infraestructura (cruces de acequias y alcantarillas).<\/p>\n<p>&ndash; Cierre de acceso por Carlos Thays desde San Francisco de As&iacute;s.<\/p>\n<p>&ndash; Colocaci&oacute;n de empedrado en las acequias y reconstrucci&oacute;n en las afectadas.<\/p>\n<ul>\n<li><strong>Iluminaci&oacute;n<\/strong><\/li>\n<\/ul>\n<p>&ndash; Recuperaci&oacute;n y refuerzo de luminarias en interior de prados (reconstrucci&oacute;n de 27 tableros y nuevos cableados en lugares afectados).<\/p>\n<p>&ndash; Iluminaci&oacute;n de destaque en portones, fuente y obras de arte.<\/p>\n<ul>\n<li><em><strong>&nbsp;<\/strong><\/em><strong>C<\/strong><strong>olocaci&oacute;n de c&aacute;maras de seguridad que ser&aacute;n monitoreadas por la Polic&iacute;a de Mendoza.&nbsp;<\/strong><\/li>\n<\/ul>\n<ul>\n<li><strong>Recuperaci&oacute;n del arbolado tanto en paseos y prados del Parque como en el Zool&oacute;gico.&nbsp;<\/strong><\/li>\n<\/ul>\n<ul>\n<li><strong>Obras de arte: creaci&oacute;n del paseo de las esculturas en la Isla del Lago. Restauraci&oacute;n y puesta en valor.<\/strong><\/li>\n<\/ul>\n<\/body><\/html>\n","protected":false},"excerpt":{"rendered":"C\u00e1maras de seguridad, repavimentaci\u00f3n de calles, luminaria LED y nuevos espacios son algunos de los ejes principales del proyecto ideado por el Gobierno. Durante el primer semestre de 2017 comenzar\u00e1n los trabajos en el pulm\u00f3n verde que este domingo cumpli\u00f3 120 a\u00f1os.","protected":false},"author":76,"featured_media":71768,"comment_status":"open","ping_status":"open","sticky":false,"template":"","format":"standard","meta":[],"categories":[19],"tags":[],"_links":{"self":[{"href":"https:\/\/www.mendoza.gov.ar\/prensa\/wp-json\/wp\/v2\/posts\/71764"}],"collection":[{"href":"https:\/\/www.mendoza.gov.ar\/prensa\/wp-json\/wp\/v2\/posts"}],"about":[{"href":"https:\/\/www.mendoza.gov.ar\/prensa\/wp-json\/wp\/v2\/types\/post"}],"author":[{"embeddable":true,"href":"https:\/\/www.mendoza.gov.ar\/prensa\/wp-json\/wp\/v2\/users\/76"}],"replies":[{"embeddable":true,"href":"https:\/\/www.mendoza.gov.ar\/prensa\/wp-json\/wp\/v2\/comments?post=71764"}],"version-history":[{"count":0,"href":"https:\/\/www.mendoza.gov.ar\/prensa\/wp-json\/wp\/v2\/posts\/71764\/revisions"}],"wp:featuredmedia":[{"embeddable":true,"href":"https:\/\/www.mendoza.gov.ar\/prensa\/wp-json\/wp\/v2\/media\/71768"}],"wp:attachment":[{"href":"https:\/\/www.mendoza.gov.ar\/prensa\/wp-json\/wp\/v2\/media?parent=71764"}],"wp:term":[{"taxonomy":"category","embeddable":true,"href":"https:\/\/www.mendoza.gov.ar\/prensa\/wp-json\/wp\/v2\/categories?post=71764"},{"taxonomy":"post_tag","embeddable":true,"href":"https:\/\/www.mendoza.gov.ar\/prensa\/wp-json\/wp\/v2\/tags?post=71764"}],"curies":[{"name":"wp","href":"https:\/\/api.w.org\/{rel}","templated":true}]}}