{"id":71861,"date":"2016-11-08T15:45:27","date_gmt":"2016-11-08T18:45:27","guid":{"rendered":"http:\/\/prensa.mendoza.gov.ar\/?p=71861"},"modified":"2016-11-08T15:45:27","modified_gmt":"2016-11-08T18:45:27","slug":"se-aplicara-el-codigo-procesal-penal-en-todo-mendoza","status":"publish","type":"post","link":"https:\/\/www.mendoza.gov.ar\/prensa\/se-aplicara-el-codigo-procesal-penal-en-todo-mendoza\/","title":{"rendered":"Se aplicar\u00e1 el C\u00f3digo Procesal Penal en todo Mendoza"},"content":{"rendered":"<!DOCTYPE html PUBLIC \"-\/\/W3C\/\/DTD HTML 4.0 Transitional\/\/EN\" \"http:\/\/www.w3.org\/TR\/REC-html40\/loose.dtd\">\n<html><body><p>Este mediod&iacute;a, el Gobernador Alfredo Cornejo, junto al ministro de Gobierno, Justicia y Trabajo, Dalmiro Garay, y al ministro de Seguridad, Gianni Venier, informaron&nbsp;la aplicaci&oacute;n del nuevo sistema acusatorio del C&oacute;digo Procesal Penal, Ley 6730, en el Valle de Uco y en la zona Sur.<\/p>\n<p>Durante todo el pr&oacute;ximo a&ntilde;o, se implementar&aacute; de forma gradual en la segunda y cuarta circunscripci&oacute;n judicial, de este procedimiento se hace cargo la Procuraci&oacute;n General de la Suprema Corte de Justicia de Mendoza. La Ley 6730 se cre&oacute; en 1999 y cambi&oacute; un sistema acusatorio inquisitorio &ndash;el cual ten&iacute;a un juez de Instrucci&oacute;n que investigaba y resolv&iacute;a las causas&ndash; por un sistema acusatorio: el que tiene un juez de Garant&iacute;a, una Defensor&iacute;a y una fiscal&iacute;a de Correcci&oacute;n e&nbsp;Instrucci&oacute;n.<\/p>\n<p>Esta ley se implement&oacute; en la primera y tercera circunscripci&oacute;n judicial en cuatro etapas durante 2004, 2005, 2008 y 2011. Por falta de recursos, algunos sectores de la Provincia quedaron sin la aplicaci&oacute;n del sistema acusatorio. En la actualidad, resulta indispensable implementar el C&oacute;digo Procesal penal en el Sur y en el Valle de Uco, a fin de que una sola ley procesal penal rija en toda Mendoza en 2017.<\/p>\n<p>El Gobernador, coment&oacute; que &ldquo;despu&eacute;s de 16 a&ntilde;os se va a implementar el sistema acusatorio en las circunscripciones que faltaban, hasta el momento hay una gran disparidad ya que rijen los dos c&oacute;digos vigentes. En el sistema acusatorio, el Ministerio P&uacute;blico Fiscal reemplaza la tarea del polic&iacute;a y del Juez de Instrucci&oacute;n. Esto es un reclamo reiterado que he recibido por parte de la comunidad, en las visitas que he realizado en el Sur y en el Valle de Uco&rdquo;.<\/p>\n<p>&ldquo;Para su aplicaci&oacute;n necesitamos una reingenieria del Ministerio P&uacute;blico y del poder judicial, este sistema exige la presencia f&iacute;sica de los fiscales en la toma de la denuncia y durante la investigaci&oacute;n. Para esto hemos ingresado a la Legislatura un proyecto de Ley para que se implemente este sistema acusatorio de forma gradual en la segunda y cuarta circunscripci&oacute;n&rdquo;, agreg&oacute; el Gobernador.<\/p>\n<p>&ldquo;La Ley retoma lo que se ha hecho 16 a&ntilde;os atr&aacute;s y los jueces de instrucci&oacute;n que hab&iacute;an recibido la aprobaci&oacute;n del Senado, la ten&iacute;an sujeta a la aplicaci&oacute;n del nuevo sistema, y ahora pasan a ser fiscales. Por otro lado, todos las personas que aspiren a los nuevos cargos que se creen para este fin, no deben residir a m&aacute;s de 30 kil&oacute;metros del lugar, en el cual cumplen funciones. Ya no podr&aacute;n viajar desde el Gran Mendoza, ya que este sistema exige la presencia f&iacute;sica de los fiscales en la investigaci&oacute;n y su disponibilidad permanente&rdquo;, detall&oacute; Cornejo.<\/p>\n<p>El ministro de Seguridad, Gianni Venier, agreg&oacute; que &ldquo;este es un viejo anhelo de la materia penal, no se ha concretado antes por m&uacute;ltiples objeciones, nosotros comenzamos con este proceso, cuando propusimos la Ley de prisiones preventivas. Lo importante, es que los funcionarios al no poder residir a m&aacute;s de 30 kil&oacute;metros estar&aacute;n disponibles los fines de semanas y los feriados y no deber&aacute;n viajar para tomar declaraciones o denuncias&rdquo;.<\/p>\n<p>Dalmiro Garay, ministro de Gobierno, Justicia y Trabajo, dijo que &ldquo;estamos filos&oacute;ficamente de acuerdo con el sistema acusatorio y nos parec&iacute;a &nbsp;que seguir manteniendo ciudadanos que estaban con un sistema inquisitivo y otros ciudadanos que estaban con un sistema acusatorio que genera mayores garant&iacute;as en el proceso, no pod&iacute;a mantenerse en el tiempo como ha pasado hasta ahora. Estamos llevando todo el esquema del sistema penal a donde no hab&iacute;a como por ejemplo Malarg&uuml;e y San Rafael, estamos generando la aplicaci&oacute;n de un sistema que iguala en cuanto a derechos de todos los mendocinos y que nos permite lograr una meta bastante alta en relaci&oacute;n con los costos econ&oacute;micos&rdquo;.<\/p>\n<p><a href=\"https:\/\/www.mendoza.gov.ar\/prensa\/wp-content\/uploads\/sites\/23\/todos.jpg\"><img loading=\"lazy\" class=\"alignnone wp-image-71926 img-responsive center-block\" src=\"https:\/\/www.mendoza.gov.ar\/prensa\/wp-content\/uploads\/sites\/23\/todos.jpg\" alt=\"\" width=\"650\" height=\"443\"><\/a><\/p>\n<p>Adem&aacute;s, es necesario realizar transformaciones en las actuales dependencias judicales. En esta &uacute;ltima etapa, debido a las distancias entre las ciudades y los escasos recursos, se implementar&aacute; sin la creaci&oacute;n de oficinas fiscales. En funci&oacute;n de esto, no se prev&eacute; la presencia de empleados judiciales en las seccionales policiales, s&oacute;lo se incorporaran en estas dependencias ayudantes fiscales para la toma de denuncias y dem&aacute;s medidas procesales urgentes. Adem&aacute;s, las dependencias policiales contar&aacute;n con los medios tecnol&oacute;gicos necesarios para incorporar las causas que se inician en el sistema inform&aacute;tico .<\/p>\n<p>De este modo, se har&aacute; una reingenieria del personal humano y de la infraestructura, con una m&iacute;nima afectaci&oacute;n presupuestaria. &ldquo;Los cambios ser&aacute;n operativos a partir de la sanci&oacute;n de la Ley, calculamos que se aplicar&aacute; este sistema plenamente a partir de abril del 2017. Esta es una deuda que el estado ten&iacute;a con el Sur y el Valle de Uco, de este modo inclu&iacute;mos en el C&oacute;digo Procesal Penal, a seis departamentos y agilizamos las investigaciones. Desde el Gobierno, garantizamos los recursos y una Ley especifica que regula el funcionamiento&rdquo;, asegur&oacute; Alfredo Cornejo.<\/p>\n<p>Con la aplicaci&oacute;n del sistema acusatorio en estas circunscripciones, en General Alvear, se ampl&iacute;an las competencias, en San Rafael, se crea la Fiscal&iacute;a y la Defensor&iacute;a. En Malarg&uuml;e se crea todo el sistema acusatorio desde cero, ya que las denuncias anteriormente eran tomadas en San Rafael, por lo que se crea el Juzgado de Garant&iacute;a, la Defensor&iacute;a y la Fiscal&iacute;a. &ldquo;Aqu&iacute; tenemos un cambio sustantivo, ya que en el sur no hab&iacute;a justicia penal, se abrir&aacute;n concursos para los nuevos cargos&rdquo;, detall&oacute; el mandatario provincial.<\/p>\n<p>En tanto, en el Valle de Uco, se crea la Defensor&iacute;a, y los juicios se realizar&aacute;n en Tunuy&aacute;n, pero en cada departamento habr&aacute;n ayudantes fiscales, quienes tomaran la denuncia y seguir&aacute;n la investigaci&oacute;n. De este modo, se termina de completar la aplicaci&oacute;n del nuevo C&oacute;digo Procesal Penal en la Provincia.<\/p>\n<p>En referencia al gasto que conlleva la implementaci&oacute;n del nuevo sistema acusatorio, el Gobernador expres&oacute; que &ldquo;en la primera etapa no se requieren gastos ya que se reestructuran las dependencias qu actualmente existen y s&oacute;lo se crear&aacute;n los organismos m&iacute;nimos necesarios para su funcionamiento. En una segunda etapa s&iacute; vamos a incrementar los recursos para la creaci&oacute;n de nuevos cargos que deber&aacute;n ser concursados ya sea por el Consejo de la Magistratura y\/o por la Procuraci&oacute;n General&rdquo;.<\/p>\n<p>Para finalizar, Cornejo resalt&oacute; que &ldquo;las modificaciones que hemos propuesto para el C&oacute;digo Procesal Penal, han sido en pos de la oralidad y la agilidad, y ya hemos tenido resultados concretos como por ejemplo un caso de abuso sexual agravado por el v&iacute;nculo que ocurri&oacute; hace tres meses y ya tiene condena efectiva a 12 a&ntilde;os. Tambi&eacute;n hemos ingresado a Legislatura un proyecto para que se cree la 8va C&aacute;mara del Crimen y estamos constituyendo el banco de ADN, con la extracci&oacute;n de muestras de todos aquellos presos que est&eacute;n finalizando su condena&rdquo;.<\/p>\n<p>&nbsp;<\/p>\n<!--[if lt IE 9]><script>document.createElement('audio');<\/script><![endif]-->\n<audio class=\"wp-audio-shortcode\" id=\"audio-71861-1\" preload=\"none\" style=\"width: 100%;\" controls=\"controls\"><source type=\"audio\/mpeg\" src=\"https:\/\/www.mendoza.gov.ar\/prensa\/wp-content\/uploads\/sites\/23\/GOBERNADOR-Aplicacion-del-nuevo-sistema-acusatorio-GOBERNADOR.mp3?_=1\" \/><a href=\"https:\/\/www.mendoza.gov.ar\/prensa\/wp-content\/uploads\/sites\/23\/GOBERNADOR-Aplicacion-del-nuevo-sistema-acusatorio-GOBERNADOR.mp3\">https:\/\/www.mendoza.gov.ar\/prensa\/wp-content\/uploads\/sites\/23\/GOBERNADOR-Aplicacion-del-nuevo-sistema-acusatorio-GOBERNADOR.mp3<\/a><\/audio>\n<\/body><\/html>\n","protected":false},"excerpt":{"rendered":"El sistema acusatorio creado por la Ley 6730 se aplicar\u00e1 en el Valle de Uco y en el Sur. De este modo, se busca continuar con la agilizaci\u00f3n de la Justicia. El Ejecutivo envi\u00f3 hoy el proyecto a la Legislatura para su tratamiento. Audio.","protected":false},"author":77,"featured_media":71925,"comment_status":"open","ping_status":"open","sticky":false,"template":"","format":"standard","meta":[],"categories":[19],"tags":[],"_links":{"self":[{"href":"https:\/\/www.mendoza.gov.ar\/prensa\/wp-json\/wp\/v2\/posts\/71861"}],"collection":[{"href":"https:\/\/www.mendoza.gov.ar\/prensa\/wp-json\/wp\/v2\/posts"}],"about":[{"href":"https:\/\/www.mendoza.gov.ar\/prensa\/wp-json\/wp\/v2\/types\/post"}],"author":[{"embeddable":true,"href":"https:\/\/www.mendoza.gov.ar\/prensa\/wp-json\/wp\/v2\/users\/77"}],"replies":[{"embeddable":true,"href":"https:\/\/www.mendoza.gov.ar\/prensa\/wp-json\/wp\/v2\/comments?post=71861"}],"version-history":[{"count":0,"href":"https:\/\/www.mendoza.gov.ar\/prensa\/wp-json\/wp\/v2\/posts\/71861\/revisions"}],"wp:featuredmedia":[{"embeddable":true,"href":"https:\/\/www.mendoza.gov.ar\/prensa\/wp-json\/wp\/v2\/media\/71925"}],"wp:attachment":[{"href":"https:\/\/www.mendoza.gov.ar\/prensa\/wp-json\/wp\/v2\/media?parent=71861"}],"wp:term":[{"taxonomy":"category","embeddable":true,"href":"https:\/\/www.mendoza.gov.ar\/prensa\/wp-json\/wp\/v2\/categories?post=71861"},{"taxonomy":"post_tag","embeddable":true,"href":"https:\/\/www.mendoza.gov.ar\/prensa\/wp-json\/wp\/v2\/tags?post=71861"}],"curies":[{"name":"wp","href":"https:\/\/api.w.org\/{rel}","templated":true}]}}