{"id":71974,"date":"2016-11-08T21:09:53","date_gmt":"2016-11-09T00:09:53","guid":{"rendered":"http:\/\/prensa.mendoza.gov.ar\/?p=71974"},"modified":"2016-11-08T21:09:53","modified_gmt":"2016-11-09T00:09:53","slug":"cornejo-estamos-cambiando-el-codigo-procesal-penal-vamos-a-aplicar-el-sistema-acusatorio-tambien-en-el-valle-de-uco","status":"publish","type":"post","link":"https:\/\/www.mendoza.gov.ar\/prensa\/cornejo-estamos-cambiando-el-codigo-procesal-penal-vamos-a-aplicar-el-sistema-acusatorio-tambien-en-el-valle-de-uco\/","title":{"rendered":"Cornejo: \u201cEstamos cambiando el C\u00f3digo Procesal Penal, vamos a aplicar el sistema acusatorio tambi\u00e9n en el Valle de Uco\u201d"},"content":{"rendered":"<!DOCTYPE html PUBLIC \"-\/\/W3C\/\/DTD HTML 4.0 Transitional\/\/EN\" \"http:\/\/www.w3.org\/TR\/REC-html40\/loose.dtd\">\n<html><body><p>Hace 158 a&ntilde;os, los jesuitas fundaron la comunidad de Tupungato. Hoy, el Gobernador Alfredo Cornejo y el intendente Gustavo Soto encabezaron los actos organizados para festejar un a&ntilde;o m&aacute;s del departamento del Valle de Uco.<\/p>\n<p>Para comenzar, el jefe de Tropas, mayor Juan Ignacio Rodr&iacute;guez, present&oacute; a los efectivos formados al &nbsp;jefe del Regimiento de Infanter&iacute;a de Monta&ntilde;a 11 General Las Heras, teniente coronel H&eacute;ctor Ochoa, quien salud&oacute; a los efectivos.<\/p>\n<p>Soto agradeci&oacute; la presencia del Gobernador y el resto de las autoridades y vecinos del departamento: &ldquo;quiero agradecer profundamente, al se&ntilde;or Gobernador de la provincia y a su equipo, a sus ministros y a la persona de su ministro de Hacienda, hoy presente ac&aacute;. Porque desde el primer momento se han ocupado y trabajado y nos ayudan y est&aacute;n prestos a recibir el aporte, la cr&iacute;tica&nbsp; y los pedidos que les hacemos desde el departamento&rdquo;.<\/p>\n<p>El Gobernador, por su parte, destac&oacute;: &ldquo;Aprovecho la ocasi&oacute;n para una breve reflexi&oacute;n que es rendir cuentas, pero de nuestros pensamientos y de nuestras acciones. En primer lugar, quiero decirles, que estamos trabajando codo a codo los organismos provinciales que dependen de m&iacute;, con el municipio de Tupungato. Y lo estamos haciendo en el entendimiento de que hay muchas cosas por hacer&rdquo;.<\/p>\n<p>Cornejo, se refiri&oacute;, adem&aacute;s, al esfuerzo que se realiza en Mendoza desde hace once meses, en relaci&oacute;n a la administraci&oacute;n de los recursos: &ldquo;Los administradores p&uacute;blicos tienen que tener como primer objetivo cuidar la plata de todos porque es un trabajo transitorio, pero el dinero en definitiva es de los ciudadanos. Tenemos que saber que administrar bien no va de la mano con robar los recursos p&uacute;blicos y que debe ser una obligaci&oacute;n de los funcionarios rendir cuentas y exigirle al resto de los empleados p&uacute;blicos no robar&rdquo;.<\/p>\n<p>Hizo referencia a los objetivos de gesti&oacute;n que &ldquo;buscan una mejor administraci&oacute;n de Justicia, un poder independiente pero un poder que debe responder a la ciudadan&iacute;a, es un poder del Estado, tanto como el Ejecutivo que yo encabezo, debe ser &aacute;gil y expeditivo en la tarea, y otro tanto estoy haciendo con la Seguridad y con la Polic&iacute;a. Queremos volver a ser ciudades tranquilas, donde la gente conviva y no tengan temor de que les roben, que los asalten y porque no decirlo, que corran peligro sus vidas&rdquo;.<\/p>\n<p>La C&aacute;mara de Senadores sancion&oacute; y convirti&oacute; en ley los proyectos de Aval&uacute;o Fiscal e Impositiva para el ejercicio 2017. Al respecto, el mandatario destac&oacute;: &ldquo;Por primera vez, la Legislatura vot&oacute; hoy y es Ley, bajar algunos impuestos de Ingresos Brutos, fundamentalmente los de industria, que son los que piden trabajo, para bajar los impuestos hemos debido optimizar el gasto, gastar mejor y poder hacerlo significa un trabajo duro de parte de nuestros funcionarios pero vale la pena hacerlo y se lo merece nuestro pueblo&rdquo;.<\/p>\n<p>Tambi&eacute;n se refiri&oacute; a la designaci&oacute;n de Jos&eacute; Valerio como ministro de la Suprema Corte de Justicia de Mendoza, y afirm&oacute; que &ldquo;fue el pliego que recibi&oacute; m&aacute;s votos positivos en la historia de la democracia&rdquo;.<\/p>\n<p>Para finalizar, el Gobernador anunci&oacute;, como en la ma&ntilde;ana, la aplicaci&oacute;n de un nuevo sistema: &ldquo;Estamos cambiando el C&oacute;digo Procesal Penal y por primera vez voy a anunciarlo hoy en Tupungato, vamos a aplicar lo mismo que se est&aacute; haciendo en el Gran Mendoza que es el sistema acusatorio, y vamos a traer las fiscalias al lugar, aqu&iacute; en el Valle de Uco y en el Sur, que no se estaba aplicando. En Tupungato, en el primer a&ntilde;o va a haber un ayudante fiscal que va a rendir un concurso y va a reportar a uno que est&aacute; en Tunuy&aacute;n y el 1 de enero de 2018 va a haber un fiscal espec&iacute;ficamente en Tupungato. En la Ley que mand&eacute; hoy a la Legislatura, le vamos a exigir que el ayudante fiscal de este departamento, como as&iacute; tambi&eacute;n de Tunuy&aacute;n y San Carlos deba vivir a no m&aacute;s de 30 kil&oacute;metros de Tupungato, y lo queremos exigir&rdquo;.<\/p>\n<p>Luego de finalizado el acto protocolar, se inici&oacute; el tradicional desfile c&iacute;vico-militar.<\/p>\n<!--[if lt IE 9]><script>document.createElement('audio');<\/script><![endif]-->\n<audio class=\"wp-audio-shortcode\" id=\"audio-71974-1\" preload=\"none\" style=\"width: 100%;\" controls=\"controls\"><source type=\"audio\/mpeg\" src=\"https:\/\/www.mendoza.gov.ar\/prensa\/wp-content\/uploads\/sites\/23\/Cornejo-explica-sistema-acusatorio-en-Valle-de-Uco-.mp3?_=1\" \/><a href=\"https:\/\/www.mendoza.gov.ar\/prensa\/wp-content\/uploads\/sites\/23\/Cornejo-explica-sistema-acusatorio-en-Valle-de-Uco-.mp3\">https:\/\/www.mendoza.gov.ar\/prensa\/wp-content\/uploads\/sites\/23\/Cornejo-explica-sistema-acusatorio-en-Valle-de-Uco-.mp3<\/a><\/audio>\n<\/body><\/html>\n","protected":false},"excerpt":{"rendered":"As\u00ed lo anunci\u00f3 el Gobernador durante el acto por el 158\u00ba aniversario de Tupungato. Tambi\u00e9n se refiri\u00f3 a las leyes de Aval\u00fao e Impositiva, y la designaci\u00f3n de Jos\u00e9 Valerio como ministro de la Suprema Corte. Audio.","protected":false},"author":68,"featured_media":71976,"comment_status":"open","ping_status":"open","sticky":false,"template":"","format":"standard","meta":[],"categories":[19],"tags":[],"_links":{"self":[{"href":"https:\/\/www.mendoza.gov.ar\/prensa\/wp-json\/wp\/v2\/posts\/71974"}],"collection":[{"href":"https:\/\/www.mendoza.gov.ar\/prensa\/wp-json\/wp\/v2\/posts"}],"about":[{"href":"https:\/\/www.mendoza.gov.ar\/prensa\/wp-json\/wp\/v2\/types\/post"}],"author":[{"embeddable":true,"href":"https:\/\/www.mendoza.gov.ar\/prensa\/wp-json\/wp\/v2\/users\/68"}],"replies":[{"embeddable":true,"href":"https:\/\/www.mendoza.gov.ar\/prensa\/wp-json\/wp\/v2\/comments?post=71974"}],"version-history":[{"count":0,"href":"https:\/\/www.mendoza.gov.ar\/prensa\/wp-json\/wp\/v2\/posts\/71974\/revisions"}],"wp:featuredmedia":[{"embeddable":true,"href":"https:\/\/www.mendoza.gov.ar\/prensa\/wp-json\/wp\/v2\/media\/71976"}],"wp:attachment":[{"href":"https:\/\/www.mendoza.gov.ar\/prensa\/wp-json\/wp\/v2\/media?parent=71974"}],"wp:term":[{"taxonomy":"category","embeddable":true,"href":"https:\/\/www.mendoza.gov.ar\/prensa\/wp-json\/wp\/v2\/categories?post=71974"},{"taxonomy":"post_tag","embeddable":true,"href":"https:\/\/www.mendoza.gov.ar\/prensa\/wp-json\/wp\/v2\/tags?post=71974"}],"curies":[{"name":"wp","href":"https:\/\/api.w.org\/{rel}","templated":true}]}}