{"id":71988,"date":"2016-11-09T08:29:31","date_gmt":"2016-11-09T11:29:31","guid":{"rendered":"http:\/\/prensa.mendoza.gov.ar\/?p=71988"},"modified":"2016-11-09T08:29:31","modified_gmt":"2016-11-09T11:29:31","slug":"malargue-por-la-inclusion","status":"publish","type":"post","link":"https:\/\/www.mendoza.gov.ar\/prensa\/malargue-por-la-inclusion\/","title":{"rendered":"Malarg\u00fce por la inclusi\u00f3n"},"content":{"rendered":"<!DOCTYPE html PUBLIC \"-\/\/W3C\/\/DTD HTML 4.0 Transitional\/\/EN\" \"http:\/\/www.w3.org\/TR\/REC-html40\/loose.dtd\">\n<html><body><p>En el marco de la Marat&oacute;n Nocturna de Malarg&uuml;e, que se llevar&aacute; a cabo el s&aacute;bado 12, la Obra Social de Empleados P&uacute;blicos (OSEP), en conjunto a otras instituciones dedicadas a personas con discapacidad, ha organizado una caminata bajo el lema &ldquo;Arte andante&rdquo;.<\/p>\n<p>El encuentro tiene como objetivo visibilizar la realidad de las personas con discapacidad que residen en el departamento sure&ntilde;o, en coincidencia con el d&iacute;a de la persona con discapacidad.<\/p>\n<p>La caminata, que se desarrollar&aacute; desde&nbsp;las 17.30, tendr&aacute; como punto de partida la intersecci&oacute;n de San Mart&iacute;n y la Ruta Nacional 40, frente a la plaza departamental, el mismo lugar dispuesto para la marat&oacute;n.<\/p>\n<p>El recorrido se completar&aacute; luego, cuando los participantes tomen por la ruta hacia el Sur, hasta llegar al Reloj. All&iacute; girar&aacute;n y regresar&aacute;n al arco de llegada. La actividad es abierta a toda la comunidad.<\/p>\n<p>Las instituciones tambi&eacute;n aportar&aacute;n distintas muestras de los logros personales obtenidos por personas con discapacidad.<\/p>\n<p>Para m&aacute;s informaci&oacute;n, comunicarse con&nbsp;Natalia Ciraolo al correo &nbsp;<a href=\"mailto:natalia.ciraolo@osep.mendoza.gov.ar\" target=\"_blank\">natalia.ciraolo@osep.mendoza.gov.ar<\/a>&nbsp;o al tel&eacute;fono&nbsp;2604332916.<\/p>\n<\/body><\/html>\n","protected":false},"excerpt":{"rendered":"La Obra Social de Empleados P\u00fablicos (OSEP) participar\u00e1 el pr\u00f3ximo s\u00e1bado en la tradicional Marat\u00f3n Nocturna.","protected":false},"author":61,"featured_media":0,"comment_status":"open","ping_status":"open","sticky":false,"template":"","format":"standard","meta":[],"categories":[30],"tags":[],"_links":{"self":[{"href":"https:\/\/www.mendoza.gov.ar\/prensa\/wp-json\/wp\/v2\/posts\/71988"}],"collection":[{"href":"https:\/\/www.mendoza.gov.ar\/prensa\/wp-json\/wp\/v2\/posts"}],"about":[{"href":"https:\/\/www.mendoza.gov.ar\/prensa\/wp-json\/wp\/v2\/types\/post"}],"author":[{"embeddable":true,"href":"https:\/\/www.mendoza.gov.ar\/prensa\/wp-json\/wp\/v2\/users\/61"}],"replies":[{"embeddable":true,"href":"https:\/\/www.mendoza.gov.ar\/prensa\/wp-json\/wp\/v2\/comments?post=71988"}],"version-history":[{"count":0,"href":"https:\/\/www.mendoza.gov.ar\/prensa\/wp-json\/wp\/v2\/posts\/71988\/revisions"}],"wp:attachment":[{"href":"https:\/\/www.mendoza.gov.ar\/prensa\/wp-json\/wp\/v2\/media?parent=71988"}],"wp:term":[{"taxonomy":"category","embeddable":true,"href":"https:\/\/www.mendoza.gov.ar\/prensa\/wp-json\/wp\/v2\/categories?post=71988"},{"taxonomy":"post_tag","embeddable":true,"href":"https:\/\/www.mendoza.gov.ar\/prensa\/wp-json\/wp\/v2\/tags?post=71988"}],"curies":[{"name":"wp","href":"https:\/\/api.w.org\/{rel}","templated":true}]}}