{"id":71996,"date":"2016-11-09T10:31:08","date_gmt":"2016-11-09T13:31:08","guid":{"rendered":"http:\/\/prensa.mendoza.gov.ar\/?p=71996"},"modified":"2016-11-09T10:31:08","modified_gmt":"2016-11-09T13:31:08","slug":"la-lucha-antigranizo-opero-con-vuelos-de-siembra-y-generadores","status":"publish","type":"post","link":"https:\/\/www.mendoza.gov.ar\/prensa\/la-lucha-antigranizo-opero-con-vuelos-de-siembra-y-generadores\/","title":{"rendered":"La lucha antigranizo oper\u00f3 con vuelos de siembra y generadores"},"content":{"rendered":"<!DOCTYPE html PUBLIC \"-\/\/W3C\/\/DTD HTML 4.0 Transitional\/\/EN\" \"http:\/\/www.w3.org\/TR\/REC-html40\/loose.dtd\">\n<html><body><p>Como hab&iacute;a anticipado el &aacute;rea de meteorolog&iacute;a de la Direcci&oacute;n de Agricultura y Contingencias Clim&aacute;ticas, en las &uacute;ltimas horas del martes se registraron tormentas de intensidad moderada a severa en la zona Sur y luego en el resto de los oasis. En total se observaron, a trav&eacute;s del radar, 36 c&eacute;lulas, 31 en la zona Sur y 5 en la zona Norte-Este.<\/p>\n<p>Por el n&uacute;mero y las caracter&iacute;sticas de las tormentas, el trabajo del Sistema de Lucha Antigranizo se concentr&oacute; en los departamentos del Sur. Desde las 17 hasta las 0 horas de este mi&eacute;rcoles, los aviones operaron con vuelos de siembra. Durante esas horas, distintos frentes de tormentas avanzaron sobre las zonas cultivadas y afectaron con lluvias moderas a intensas en algunas distritos de San Rafael (Malvinas, Calle Larga, Villa Atuel General Alvear) y General Alvear (Bowen y Ciudad de Alvear), donde tambi&eacute;n se observ&oacute; granizo peque&ntilde;o.<\/p>\n<p>En el Valle de Uco, se observ&oacute; nubosidad convectiva en horas de la tarde pero no se registraron precipitaciones. Los generadores de superficie se encendieron tres&nbsp;horas.<\/p>\n<p>En tanto, en el zona Norte Este, pasada la medianoche, se presentaron celdas de lluvia moderadas a d&eacute;bil provenientes del oasis Sur, que luego se desplazaron al noreste y afectaron la zona de secano, al sur de La Paz.<\/p>\n<\/body><\/html>\n","protected":false},"excerpt":{"rendered":"El mayor n\u00famero de tormentas se registr\u00f3 en el Sur. All\u00ed los aviones trabajaron m\u00e1s de siete horas.","protected":false},"author":77,"featured_media":71998,"comment_status":"open","ping_status":"open","sticky":false,"template":"","format":"standard","meta":[],"categories":[1],"tags":[],"_links":{"self":[{"href":"https:\/\/www.mendoza.gov.ar\/prensa\/wp-json\/wp\/v2\/posts\/71996"}],"collection":[{"href":"https:\/\/www.mendoza.gov.ar\/prensa\/wp-json\/wp\/v2\/posts"}],"about":[{"href":"https:\/\/www.mendoza.gov.ar\/prensa\/wp-json\/wp\/v2\/types\/post"}],"author":[{"embeddable":true,"href":"https:\/\/www.mendoza.gov.ar\/prensa\/wp-json\/wp\/v2\/users\/77"}],"replies":[{"embeddable":true,"href":"https:\/\/www.mendoza.gov.ar\/prensa\/wp-json\/wp\/v2\/comments?post=71996"}],"version-history":[{"count":0,"href":"https:\/\/www.mendoza.gov.ar\/prensa\/wp-json\/wp\/v2\/posts\/71996\/revisions"}],"wp:featuredmedia":[{"embeddable":true,"href":"https:\/\/www.mendoza.gov.ar\/prensa\/wp-json\/wp\/v2\/media\/71998"}],"wp:attachment":[{"href":"https:\/\/www.mendoza.gov.ar\/prensa\/wp-json\/wp\/v2\/media?parent=71996"}],"wp:term":[{"taxonomy":"category","embeddable":true,"href":"https:\/\/www.mendoza.gov.ar\/prensa\/wp-json\/wp\/v2\/categories?post=71996"},{"taxonomy":"post_tag","embeddable":true,"href":"https:\/\/www.mendoza.gov.ar\/prensa\/wp-json\/wp\/v2\/tags?post=71996"}],"curies":[{"name":"wp","href":"https:\/\/api.w.org\/{rel}","templated":true}]}}