{"id":72008,"date":"2016-11-09T12:38:51","date_gmt":"2016-11-09T15:38:51","guid":{"rendered":"http:\/\/prensa.mendoza.gov.ar\/?p=72008"},"modified":"2016-11-09T12:38:51","modified_gmt":"2016-11-09T15:38:51","slug":"ambiente-celebrara-el-dia-de-la-jarilla-como-flor-provincial","status":"publish","type":"post","link":"https:\/\/www.mendoza.gov.ar\/prensa\/ambiente-celebrara-el-dia-de-la-jarilla-como-flor-provincial\/","title":{"rendered":"Ambiente celebrar\u00e1 el D\u00eda de la Jarilla como flor provincial"},"content":{"rendered":"<!DOCTYPE html PUBLIC \"-\/\/W3C\/\/DTD HTML 4.0 Transitional\/\/EN\" \"http:\/\/www.w3.org\/TR\/REC-html40\/loose.dtd\">\n<html><body><p>La Flor de la jarilla fue declarada como flor provincial a trav&eacute;s de la Ley 7618. La normativa fue aprobada en 2006 y estableci&oacute; el 10 de noviembre como el d&iacute;a para rendirle homenaje. La iniciativa persigue fomentar la radicaci&oacute;n de esta planta emblem&aacute;tica en parques y paseos p&uacute;blicos, obras de defensa aluvional, forestaciones de rutas y otros.<\/p>\n<p>Por este motivo es que este jueves, de 9 a 13, en el Vivero Notti perteneciente a &nbsp;la Direcci&oacute;n de Recursos Naturales Renovables (DRNR) se realizar&aacute;n una serie de actividades vinculadas al conocimiento y valoraci&oacute;n de nuestra flora y tareas de jardiner&iacute;a con jarilla.<\/p>\n<p>Participar&aacute;n alumnos de colegios primarios de la zona (escuelas Cobos, Le&oacute;nidas Aguirre y Berni), autoridades de la Secretar&iacute;a de Ambiente, representantes del&nbsp; Instituto de Educaci&oacute;n F&iacute;sica (Te.Co.Na), del&nbsp; Instituto de Ciencias Ambientales (UNCuyo), del vivero Jard&iacute;n Nativo y p&uacute;blico en general.<\/p>\n<p><strong>Actividades del jueves d&iacute;a de la Flor provincial<\/strong><\/p>\n<p>Apertura de la jornada: palabras de la directora de Recursos Naturales, Mabel Chambouleyron, &nbsp;y &nbsp;marco conmemorativo a cargo del Secretario de Ambiente y Ordenamiento Territorial, Humberto Mingorance.<\/p>\n<p>Taller de replicaci&oacute;n de plantas nativas: dictado por el Vivero Jard&iacute;n Nativo, abordar&aacute; las t&eacute;cnicas de reproducci&oacute;n de la jarilla.<\/p>\n<p>Charla de Xerojardiner&iacute;a y Paisajismo: Uso de plantas nativas de bajo consumo de agua y resistente a plagas en la conformaci&oacute;n y dise&ntilde;o de espacios p&uacute;blicos.<\/p>\n<p>Charla sobre usos tradicionales de la jarilla: abordar&aacute;n los diferentes usos de la jarilla (medicinales, productos artesanales, cosm&eacute;tica).<\/p>\n<p>Anuncio Institucional de la Direcci&oacute;n de Recursos Naturales: Los Departamentos de Forestaci&oacute;n, Flora Nativa y Educaci&oacute;n Ambiental, y adem&aacute;s el Vivero Jard&iacute;n Nativo, presentar&aacute;n un proyecto integral, que tiene por objetivo producir plantas nativas (arbustivas, gram&iacute;neas y forestales) para aportar a la remediaci&oacute;n de espacios impactados y forestar espacios p&uacute;blicos, como estrategia de puesta en valor de nuestra flora nativa.<\/p>\n<p>Actividad &ldquo;Xerojard&iacute;n en Vivero Notti&rdquo;: Se plantar&aacute;n ejemplares de las tres especies de Jarilla presentes en la provincia, con el objetivo de tener a la vista de quienes ingresan diariamente al Vivero Notti,un xerojard&iacute;n con especies de nuestra flora nativa.<\/p>\n<\/body><\/html>\n","protected":false},"excerpt":{"rendered":"La Secretar\u00eda de Ambiente y Ordenamiento Territorial a trav\u00e9s de la Direcci\u00f3n de Recursos Naturales Renovables, organiz\u00f3 una jornada educativa para celebrar el d\u00eda. Los festejos se realizar\u00e1n este jueves 10 de noviembre en el Vivero Notti de Godoy Cruz.  ","protected":false},"author":76,"featured_media":72009,"comment_status":"open","ping_status":"open","sticky":false,"template":"","format":"standard","meta":[],"categories":[3],"tags":[],"_links":{"self":[{"href":"https:\/\/www.mendoza.gov.ar\/prensa\/wp-json\/wp\/v2\/posts\/72008"}],"collection":[{"href":"https:\/\/www.mendoza.gov.ar\/prensa\/wp-json\/wp\/v2\/posts"}],"about":[{"href":"https:\/\/www.mendoza.gov.ar\/prensa\/wp-json\/wp\/v2\/types\/post"}],"author":[{"embeddable":true,"href":"https:\/\/www.mendoza.gov.ar\/prensa\/wp-json\/wp\/v2\/users\/76"}],"replies":[{"embeddable":true,"href":"https:\/\/www.mendoza.gov.ar\/prensa\/wp-json\/wp\/v2\/comments?post=72008"}],"version-history":[{"count":0,"href":"https:\/\/www.mendoza.gov.ar\/prensa\/wp-json\/wp\/v2\/posts\/72008\/revisions"}],"wp:featuredmedia":[{"embeddable":true,"href":"https:\/\/www.mendoza.gov.ar\/prensa\/wp-json\/wp\/v2\/media\/72009"}],"wp:attachment":[{"href":"https:\/\/www.mendoza.gov.ar\/prensa\/wp-json\/wp\/v2\/media?parent=72008"}],"wp:term":[{"taxonomy":"category","embeddable":true,"href":"https:\/\/www.mendoza.gov.ar\/prensa\/wp-json\/wp\/v2\/categories?post=72008"},{"taxonomy":"post_tag","embeddable":true,"href":"https:\/\/www.mendoza.gov.ar\/prensa\/wp-json\/wp\/v2\/tags?post=72008"}],"curies":[{"name":"wp","href":"https:\/\/api.w.org\/{rel}","templated":true}]}}