{"id":72082,"date":"2016-11-09T22:07:35","date_gmt":"2016-11-10T01:07:35","guid":{"rendered":"http:\/\/prensa.mendoza.gov.ar\/?p=72082"},"modified":"2016-11-09T22:07:35","modified_gmt":"2016-11-10T01:07:35","slug":"coirco-aval-politico-para-la-construccion-de-portezuelo-del-viento","status":"publish","type":"post","link":"https:\/\/www.mendoza.gov.ar\/prensa\/coirco-aval-politico-para-la-construccion-de-portezuelo-del-viento\/","title":{"rendered":"Coirco: aval pol\u00edtico para la construcci\u00f3n de Portezuelo del Viento"},"content":{"rendered":"<!DOCTYPE html PUBLIC \"-\/\/W3C\/\/DTD HTML 4.0 Transitional\/\/EN\" \"http:\/\/www.w3.org\/TR\/REC-html40\/loose.dtd\">\n<html><body><p>El Gobernador Alfredo Cornejo particip&oacute; esta tarde en la reuni&oacute;n del Consejo Interjurisdiccional del R&iacute;o Colorado (Coirco), donde tambi&eacute;n estuvieron presentes los gobernadores Mar&iacute;a Eugenia Vidal (Buenos Aires), Omar Guti&eacute;rrez (Neuqu&eacute;n), Alberto Weretilneck (R&iacute;o Negro) y Carlos Verna (La Pampa).<\/p>\n<p>Entre los temas abordados, se trat&oacute; el proyecto de las obras Portezuelo del Viento. &ldquo;Estamos satisfechos con la reuni&oacute;n. Ha sido aprobada la obra Portezuelo del Viento por parte de Neuqu&eacute;n, R&iacute;o Negro, provincia de Buenos Aires y, obviamente, Mendoza. Es un requisito importante para seguir trabajando&rdquo;, afirm&oacute; Cornejo al concluir el encuentro. Y agreg&oacute;: &ldquo;Nos comprometemos a presentar con posterioridad el plan de manejo de agua, y el plan de llenado del dique antes de la licitaci&oacute;n, lo que nos permitir&aacute; seguir avanzando en esa direcci&oacute;n&rdquo;.<\/p>\n<p>&ldquo;En la reuni&oacute;n tratamos el acta en la cual se consider&oacute; Portezuelo del Viento, para conseguir autorizaci&oacute;n y avanzar sobre esa obra. Hubo acuerdo de todos los gobernadores&rdquo;, detall&oacute; el ministro Enrique Vaqui&eacute;, quien junto a Dalmiro Garay, titular de Gobierno, acompa&ntilde;aron al Gobernador.<\/p>\n<p>Adem&aacute;s, el funcionario mendocino aclar&oacute;: &ldquo;Todos los gobernadores que estuvieron de acuerdo firmaron el acta, menos el gobernador de La Pampa. En este sentido, al recibir el apoyo de la mayor&iacute;a, la provincia de La Pampa tiene 30 d&iacute;as para apelar, per&iacute;odo en el que el presidente participa como &aacute;rbitro sobre este acto&rdquo;.<\/p>\n<p>De esta manera, Mendoza recibi&oacute; el aval de las provincias de Buenos Aires, R&iacute;o Negro y Neuqu&eacute;n para avanzar con la realizaci&oacute;n de las obras sobre el r&iacute;o Grande.<\/p>\n<p>&ldquo;Durante la reuni&oacute;n estuvimos en una posici&oacute;n de di&aacute;logo y de intentar siempre llegar a un acuerdo. El gobernador de La Pampa se retir&oacute;, por lo que no firm&oacute; el acta. Desde ahora estamos en una nueva instancia, con las obras aprobadas con la mayor&iacute;a de las firmas&rdquo;, aclar&oacute; Garay.<\/p>\n<\/body><\/html>\n","protected":false},"excerpt":{"rendered":"Alfredo Cornejo particip\u00f3 esta tarde, junto a sus pares de Buenos Aires, Neuqu\u00e9n, R\u00edo Negro y La Pampa, en la reuni\u00f3n del Consejo Interjurisdiccional del R\u00edo Colorado. Mendoza recibi\u00f3 el aval por mayor\u00eda de firmas (cuatro de cinco provincias) a favor.","protected":false},"author":68,"featured_media":72089,"comment_status":"open","ping_status":"open","sticky":false,"template":"","format":"standard","meta":[],"categories":[19],"tags":[],"_links":{"self":[{"href":"https:\/\/www.mendoza.gov.ar\/prensa\/wp-json\/wp\/v2\/posts\/72082"}],"collection":[{"href":"https:\/\/www.mendoza.gov.ar\/prensa\/wp-json\/wp\/v2\/posts"}],"about":[{"href":"https:\/\/www.mendoza.gov.ar\/prensa\/wp-json\/wp\/v2\/types\/post"}],"author":[{"embeddable":true,"href":"https:\/\/www.mendoza.gov.ar\/prensa\/wp-json\/wp\/v2\/users\/68"}],"replies":[{"embeddable":true,"href":"https:\/\/www.mendoza.gov.ar\/prensa\/wp-json\/wp\/v2\/comments?post=72082"}],"version-history":[{"count":0,"href":"https:\/\/www.mendoza.gov.ar\/prensa\/wp-json\/wp\/v2\/posts\/72082\/revisions"}],"wp:featuredmedia":[{"embeddable":true,"href":"https:\/\/www.mendoza.gov.ar\/prensa\/wp-json\/wp\/v2\/media\/72089"}],"wp:attachment":[{"href":"https:\/\/www.mendoza.gov.ar\/prensa\/wp-json\/wp\/v2\/media?parent=72082"}],"wp:term":[{"taxonomy":"category","embeddable":true,"href":"https:\/\/www.mendoza.gov.ar\/prensa\/wp-json\/wp\/v2\/categories?post=72082"},{"taxonomy":"post_tag","embeddable":true,"href":"https:\/\/www.mendoza.gov.ar\/prensa\/wp-json\/wp\/v2\/tags?post=72082"}],"curies":[{"name":"wp","href":"https:\/\/api.w.org\/{rel}","templated":true}]}}