{"id":72130,"date":"2016-11-10T10:37:23","date_gmt":"2016-11-10T13:37:23","guid":{"rendered":"http:\/\/prensa.mendoza.gov.ar\/?p=72130"},"modified":"2016-11-10T10:37:23","modified_gmt":"2016-11-10T13:37:23","slug":"iscamen-recuerda-a-productores-deben-inscribirse-para-trasladar-productos","status":"publish","type":"post","link":"https:\/\/www.mendoza.gov.ar\/prensa\/iscamen-recuerda-a-productores-deben-inscribirse-para-trasladar-productos\/","title":{"rendered":"Iscamen recuerda a productores deben inscribirse para trasladar productos"},"content":{"rendered":"<!DOCTYPE html PUBLIC \"-\/\/W3C\/\/DTD HTML 4.0 Transitional\/\/EN\" \"http:\/\/www.w3.org\/TR\/REC-html40\/loose.dtd\">\n<html><body><div id=\":1a1\" class=\"ii gt adP adO\">\n<div id=\":1e0\" class=\"a3s aXjCH m1584e6fdcec22c65\">\n<div>\n<div>\n<div id=\"m_5039728467874610610yui_3_16_0_ym19_1_1478775597719_39739\">El Instituto de Sanidad y Calidad Agropecuaria (Iscamen) informa a los productores de fruta fresca y a galpones de empaque de los cuatro oasis productivos de la provincia que comercialicen con la Patagonia y que a&uacute;n no se han inscripto, que deben registrarse en la delegaci&oacute;n de instituto m&aacute;s cercana, a fin de dar cumplimiento al monitoreo previo a la cosecha.<\/div>\n<div id=\"m_5039728467874610610yui_3_16_0_ym19_1_1478775597719_39740\"><\/div>\n<div id=\"m_5039728467874610610yui_3_16_0_ym19_1_1478775597719_39741\">Para el registro los productores, deber&aacute;n presentar el RENSPA 2016 generado en el Senasa y datos de producci&oacute;n, como especie, variedades, superficie, fechas probables de cosecha y rendimientos &nbsp;esperados.<\/div>\n<div id=\"m_5039728467874610610yui_3_16_0_ym19_1_1478775597719_39742\"><\/div>\n<div id=\"m_5039728467874610610yui_3_16_0_ym19_1_1478775597719_39743\">En tanto, los galpones de empaque deben inscribirse en el Iscamen para autorizar el ingreso de fruta de Mendoza a la &Aacute;reas Libres de Mosca de los Frutos. Para ello, deben presentar:<\/div>\n<div id=\"m_5039728467874610610yui_3_16_0_ym19_1_1478775597719_39744\"><\/div>\n<div id=\"m_5039728467874610610yui_3_16_0_ym19_1_1478775597719_39745\">1) Croquis del galp&oacute;n de empaque con detalles de equipamiento y materiales (pared, tela media sombra, etc.).<\/div>\n<div id=\"m_5039728467874610610yui_3_16_0_ym19_1_1478775597719_39746\">2) Descripci&oacute;n del movimiento de la fruta dentro del galp&oacute;n de empaque.<\/div>\n<div id=\"m_5039728467874610610yui_3_16_0_ym19_1_1478775597719_39747\">3) Fotocopia del t&iacute;tulo del encargado del galp&oacute;n (T&eacute;cnico agrario o superior).<\/div>\n<div id=\"m_5039728467874610610yui_3_16_0_ym19_1_1478775597719_39748\">4) Fotocopia de la habilitaci&oacute;n de Senasa como galp&oacute;n de empaque de frutas.<\/div>\n<div id=\"m_5039728467874610610yui_3_16_0_ym19_1_1478775597719_39749\">5) Completar el Formulario de inscripci&oacute;n en la delegaci&oacute;n de Iscamen m&aacute;s cercana.<\/div>\n<div id=\"m_5039728467874610610yui_3_16_0_ym19_1_1478775597719_39750\"><\/div>\n<div id=\"m_5039728467874610610yui_3_16_0_ym19_1_1478775597719_39751\">Para m&aacute;s informaci&oacute;n y registro, dirigirse a la delegaci&oacute;n del Iscamen m&aacute;s cercana de 8 a 16:<\/div>\n<div id=\"m_5039728467874610610yui_3_16_0_ym19_1_1478775597719_39752\"><\/div>\n<div id=\"m_5039728467874610610yui_3_16_0_ym19_1_1478775597719_39753\">Sede Central: &nbsp;Boulogne Sur &nbsp;Mer 3050, primer piso, Ciudad de Mendoza &ndash; CP: 5500. Tel-Fax: 0261 4299015 \/ 4299013 \/ 4295450 \/ 4258741 \/ 4297315 <a href=\"mailto:iscamen@iscamen.com.ar\" target=\"_blank\">iscamen@iscamen.com.ar<\/a><\/div>\n<div id=\"m_5039728467874610610yui_3_16_0_ym19_1_1478775597719_39754\"><\/div>\n<div id=\"m_5039728467874610610yui_3_16_0_ym19_1_1478775597719_39755\">Este: Chubut 130, San Mart&iacute;n, Mendoza. Tel-Fax: 0263 4427162 <a href=\"mailto:sanmartin@iscamen.com.ar\" target=\"_blank\">sanmartin@iscamen.com.ar<\/a><\/div>\n<div id=\"m_5039728467874610610yui_3_16_0_ym19_1_1478775597719_39756\"><\/div>\n<div id=\"m_5039728467874610610yui_3_16_0_ym19_1_1478775597719_39757\">Valle de Uco: Roca 1138, Tunuy&aacute;n, Mendoza.&nbsp;Tel-Fax: 02622 423709 &nbsp;<a href=\"mailto:tunuyan@iscamen.com.ar\" target=\"_blank\">tunuyan@iscamen.com.ar<\/a> \/ &nbsp;<a href=\"mailto:oasiscentro@iscamen.com.ar\" target=\"_blank\">oasiscentro@iscamen.com.ar<\/a><\/div>\n<div id=\"m_5039728467874610610yui_3_16_0_ym19_1_1478775597719_39758\"><\/div>\n<div id=\"m_5039728467874610610yui_3_16_0_ym19_1_1478775597719_39759\">San Rafael: Av. Mitre 5400, Cuadro Nacional, San Rafael. Tel-Fax: 260 4442032 <a href=\"mailto:sanrafael@iscamen.com.ar\" target=\"_blank\">sanrafael@iscamen.com.ar<\/a> &nbsp;&ndash; <a href=\"mailto:oasissur@iscamen.com.ar\" target=\"_blank\">oasissur@iscamen.com.ar<\/a><\/div>\n<div id=\"m_5039728467874610610yui_3_16_0_ym19_1_1478775597719_39760\"><\/div>\n<div id=\"m_5039728467874610610yui_3_16_0_ym19_1_1478775597719_39761\" dir=\"ltr\">General Alvear: Italia 251, General Alvear, Mendoza. Tel-Fax: 02625 424711 <a href=\"mailto:barrerassur@iscamen.com.ar\" target=\"_blank\">barrerassur@iscamen.com.ar<\/a><\/div>\n<\/div>\n<\/div>\n<\/div>\n<div class=\"yj6qo\"><\/div>\n<\/div>\n<div id=\":155\" class=\"hq gt a10\"><\/div>\n<\/body><\/html>\n","protected":false},"excerpt":{"rendered":"El organismo fitosanitario, que recibi\u00f3 hace unos d\u00edas a una comisi\u00f3n t\u00e9cnica, informa los requisitos y los tr\u00e1mites para realizar el tr\u00e1nsito de productos vegetales de Mendoza a la Patagonia.","protected":false},"author":77,"featured_media":72131,"comment_status":"open","ping_status":"open","sticky":false,"template":"","format":"standard","meta":[],"categories":[1],"tags":[],"_links":{"self":[{"href":"https:\/\/www.mendoza.gov.ar\/prensa\/wp-json\/wp\/v2\/posts\/72130"}],"collection":[{"href":"https:\/\/www.mendoza.gov.ar\/prensa\/wp-json\/wp\/v2\/posts"}],"about":[{"href":"https:\/\/www.mendoza.gov.ar\/prensa\/wp-json\/wp\/v2\/types\/post"}],"author":[{"embeddable":true,"href":"https:\/\/www.mendoza.gov.ar\/prensa\/wp-json\/wp\/v2\/users\/77"}],"replies":[{"embeddable":true,"href":"https:\/\/www.mendoza.gov.ar\/prensa\/wp-json\/wp\/v2\/comments?post=72130"}],"version-history":[{"count":0,"href":"https:\/\/www.mendoza.gov.ar\/prensa\/wp-json\/wp\/v2\/posts\/72130\/revisions"}],"wp:featuredmedia":[{"embeddable":true,"href":"https:\/\/www.mendoza.gov.ar\/prensa\/wp-json\/wp\/v2\/media\/72131"}],"wp:attachment":[{"href":"https:\/\/www.mendoza.gov.ar\/prensa\/wp-json\/wp\/v2\/media?parent=72130"}],"wp:term":[{"taxonomy":"category","embeddable":true,"href":"https:\/\/www.mendoza.gov.ar\/prensa\/wp-json\/wp\/v2\/categories?post=72130"},{"taxonomy":"post_tag","embeddable":true,"href":"https:\/\/www.mendoza.gov.ar\/prensa\/wp-json\/wp\/v2\/tags?post=72130"}],"curies":[{"name":"wp","href":"https:\/\/api.w.org\/{rel}","templated":true}]}}