{"id":72271,"date":"2016-11-13T09:14:36","date_gmt":"2016-11-13T12:14:36","guid":{"rendered":"http:\/\/prensa.mendoza.gov.ar\/?p=72271"},"modified":"2016-11-13T09:14:36","modified_gmt":"2016-11-13T12:14:36","slug":"semana-de-la-diabetes-en-osep-lavalle-y-san-rafael","status":"publish","type":"post","link":"https:\/\/www.mendoza.gov.ar\/prensa\/semana-de-la-diabetes-en-osep-lavalle-y-san-rafael\/","title":{"rendered":"Semana de la Diabetes en OSEP Lavalle y San Rafael"},"content":{"rendered":"<!DOCTYPE html PUBLIC \"-\/\/W3C\/\/DTD HTML 4.0 Transitional\/\/EN\" \"http:\/\/www.w3.org\/TR\/REC-html40\/loose.dtd\">\n<html><body><p>Bajo los&nbsp;lemas &ldquo;No le des el pie a la diabetes&rdquo; y&nbsp;&ldquo;Ojo con el ojo&rdquo;, en OSEP Lavalle se realizar&aacute;n actividades en la sede de ese departamento. Adem&aacute;s, en San Rafael, la delegaci&oacute;n llevar&aacute; adelante tareas de difusi&oacute;n y control. Esto ser&aacute; durante la pr&oacute;xima semana con motivo de conmemorarse el D&iacute;a Mundial de la Diabetes.<\/p>\n<p>En Lavalle, la agenda comprender&aacute; mi&eacute;rcoles 16 y viernes 18, en&nbsp;la ma&ntilde;ana:<\/p>\n<ul>\n<li>Examen, revisi&oacute;n y detecci&oacute;n de casos de pie diab&eacute;tico en los pacientes cr&oacute;nicos que asisten a la delegaci&oacute;n. Uso de monofilamento, detecci&oacute;n de pulsos pedios, neuropat&iacute;a, &uacute;lceras, registro de las observaciones y detecciones en planillas.<\/li>\n<li>Educaci&oacute;n a los afiliados concurrentes.<\/li>\n<li>Invitaci&oacute;n personalizada a los concurrentes a participar del cierre que se realizara el d&iacute;a 19<\/li>\n<li>Recomendaci&oacute;n de detecci&oacute;n temprana de retinopat&iacute;a diab&eacute;tica.<\/li>\n<\/ul>\n<p>El cierre de la Semana de la Diabetes en el departamento del norte se realizar&aacute; el s&aacute;bado 19, con las siguientes actividades:<\/p>\n<ul>\n<li>Concentraci&oacute;n: playa de estacionamiento &nbsp;del supermercado &Aacute;tomo, a las 8.<\/li>\n<li>Automonitoreo y cuestionarios a p&uacute;blico en general.<\/li>\n<li>Recomendaciones <em>screening<\/em> retinopat&iacute;a diab&eacute;tica.<\/li>\n<li>Actividad recreativa: caminata saludable, circuito Parque Nativo.<\/li>\n<li>Entrega de merienda saludable.<\/li>\n<\/ul>\n<p><strong>San Rafael<\/strong><\/p>\n<p>Por su parte, en el departamento del Sur principal, la delegaci&oacute;n de la OSEP realizar&aacute; las siguientes actividades:<\/p>\n<div id=\"m_8620114192341615531yui_3_16_0_ym19_1_1478868425971_16725\">Lunes 14:&nbsp;Conferencia de prensa&nbsp;junto a otras instituciones del departamento para promocionar las actividades de la semana y hablar de la prevenci&oacute;n y tratamiento de esta patolog&iacute;a. Ser&aacute; en el SUM de la Delegaci&oacute;n de OSEP San Rafael, desde las 10.30.<\/div>\n<div><\/div>\n<div>Mi&eacute;rcoles 16:&nbsp;Control m&eacute;dico de pie diab&eacute;tico para pacientes dializados en&nbsp;Fresenius San Rafael, durante todo el d&iacute;a.<\/div>\n<div id=\"m_8620114192341615531yui_3_16_0_ym19_1_1478868425971_16755\"><\/div>\n<div>S&aacute;bado 19:&nbsp;Jornada saludable&nbsp;al aire libre, donde se dar&aacute;n charlas de prevenci&oacute;n y tratamiento de la enfermedad, cuidados y nutrici&oacute;n. Se repartir&aacute;n diferentes tipos de frutas y se realizar&aacute;n controles de glucemia a&nbsp;los asistentes. Para finalizar, se dictar&aacute; una clase abierta de zumba. Ser&aacute; en la&nbsp;Plaza Francia, Parque Hip&oacute;lito Yrigoyen, de&nbsp;16 a 19.<\/div>\n<\/body><\/html>\n","protected":false},"excerpt":{"rendered":"Ambas delegaciones realizar\u00e1n una serie de actividades que incluir\u00e1n controles, mediciones y promoci\u00f3n de medidas preventivas. El 14 de noviembre se desarrolla el D\u00eda Mundial de la Diabetes.","protected":false},"author":61,"featured_media":0,"comment_status":"open","ping_status":"open","sticky":false,"template":"","format":"standard","meta":[],"categories":[30],"tags":[],"_links":{"self":[{"href":"https:\/\/www.mendoza.gov.ar\/prensa\/wp-json\/wp\/v2\/posts\/72271"}],"collection":[{"href":"https:\/\/www.mendoza.gov.ar\/prensa\/wp-json\/wp\/v2\/posts"}],"about":[{"href":"https:\/\/www.mendoza.gov.ar\/prensa\/wp-json\/wp\/v2\/types\/post"}],"author":[{"embeddable":true,"href":"https:\/\/www.mendoza.gov.ar\/prensa\/wp-json\/wp\/v2\/users\/61"}],"replies":[{"embeddable":true,"href":"https:\/\/www.mendoza.gov.ar\/prensa\/wp-json\/wp\/v2\/comments?post=72271"}],"version-history":[{"count":0,"href":"https:\/\/www.mendoza.gov.ar\/prensa\/wp-json\/wp\/v2\/posts\/72271\/revisions"}],"wp:attachment":[{"href":"https:\/\/www.mendoza.gov.ar\/prensa\/wp-json\/wp\/v2\/media?parent=72271"}],"wp:term":[{"taxonomy":"category","embeddable":true,"href":"https:\/\/www.mendoza.gov.ar\/prensa\/wp-json\/wp\/v2\/categories?post=72271"},{"taxonomy":"post_tag","embeddable":true,"href":"https:\/\/www.mendoza.gov.ar\/prensa\/wp-json\/wp\/v2\/tags?post=72271"}],"curies":[{"name":"wp","href":"https:\/\/api.w.org\/{rel}","templated":true}]}}