{"id":72351,"date":"2016-11-11T16:59:33","date_gmt":"2016-11-11T19:59:33","guid":{"rendered":"http:\/\/prensa.mendoza.gov.ar\/?p=72351"},"modified":"2016-11-11T16:59:33","modified_gmt":"2016-11-11T19:59:33","slug":"la-escuela-bellas-artes-realizo-el-dia-mas-largo-del-arte","status":"publish","type":"post","link":"https:\/\/www.mendoza.gov.ar\/prensa\/la-escuela-bellas-artes-realizo-el-dia-mas-largo-del-arte\/","title":{"rendered":"La escuela de Bellas Artes realiz\u00f3 su &#8220;D\u00eda m\u00e1s largo del arte\u201d"},"content":{"rendered":"<!DOCTYPE html PUBLIC \"-\/\/W3C\/\/DTD HTML 4.0 Transitional\/\/EN\" \"http:\/\/www.w3.org\/TR\/REC-html40\/loose.dtd\">\n<html><body><p>Este viernes, la escuela 4 -126 &ldquo;Bellas Artes&rdquo; de Ciudad, realiz&oacute; la cuarta edici&oacute;n del proyecto institucional denominado &ldquo;El d&iacute;a m&aacute;s largo del arte&rdquo;. Durante toda la jornada, la comunidad educativa y p&uacute;blico en general pudieron disfrutar de la exposici&oacute;n anual de los alumnos de 1&ordm; a 4&ordm; a&ntilde;o.<\/p>\n<p><a href=\"https:\/\/www.mendoza.gov.ar\/prensa\/wp-content\/uploads\/sites\/23\/muestra.jpg\"><img loading=\"lazy\" class=\"alignnone wp-image-72358 img-responsive center-block\" src=\"https:\/\/www.mendoza.gov.ar\/prensa\/wp-content\/uploads\/sites\/23\/muestra.jpg\" alt=\"\" width=\"350\" height=\"233\"><\/a><\/p>\n<p>Adem&aacute;s, este a&ntilde;o se inaugur&oacute; un mural en homenaje Jos&eacute; Berm&uacute;dez, reconocido artista pl&aacute;stico de la provincia y egresado de la Academia Provincial de Bellas Artes. Del acto particip&oacute; la subdirectora de Educaci&oacute;n Secundaria, Sandra Barquero, quien expres&oacute; su reconocimiento a directivos, profesores y alumnos por los trabajos realizados y manifest&oacute; que &ldquo;es muy grato visitar esta escuela porque se nota el entusiasmo que tienen para generar acciones a trav&eacute;s de las cuales vemos los logros obtenidos por los alumnos&rdquo;.<\/p>\n<p><a href=\"https:\/\/www.mendoza.gov.ar\/prensa\/wp-content\/uploads\/sites\/23\/bermud-esta.jpg\"><img loading=\"lazy\" class=\"alignnone wp-image-72359 img-responsive center-block\" src=\"https:\/\/www.mendoza.gov.ar\/prensa\/wp-content\/uploads\/sites\/23\/bermud-esta.jpg\" alt=\"\" width=\"350\" height=\"233\"><\/a><\/p>\n<p>Por su parte, la directora del establecimiento educativo, Jaquelina Galeno, dio la bienvenida a todos los presentes y manifest&oacute;: &ldquo;estamos muy contentos de poner en marcha este proyecto institucional que indica el fin de otro ciclo lectivo y el trabajo de nuestros alumnos y profesores. En este d&iacute;a el arte es protagonista porque destacamos al arte como elemento principal en la formaci&oacute;n cotidiana de nuestros alumnos&rdquo;.<\/p>\n<p>A su turno, Liliana Lorenzo, profesora encargada de realizar el mural, resalt&oacute;: &ldquo;para nosotros es muy importante llegar a este d&iacute;a, nos genera mucha felicidad, quiero destacar la presencia del maestro Berm&uacute;dez, agradecer su colaboraci&oacute;n para concluir la obra y por todo los conocimientos que nos brind&oacute; en este tiempo&rdquo;.<\/p>\n<p>La docente explic&oacute;, &ldquo;la idea de realizar un mural surge a partir de transmutar obras de artes de artistas mendocinos en la t&eacute;cnica del mosaico, por lo cual en el a&ntilde;o 2011 comenzamos a trabajar con un grupo de alumnos de 4to a&ntilde;o junto al maestro Berm&uacute;dez para montar un mural con su obra denominada &ldquo;Escena Teatral&rdquo;.<\/p>\n<p><a href=\"https:\/\/www.mendoza.gov.ar\/prensa\/wp-content\/uploads\/sites\/23\/lucha.jpg\"><img loading=\"lazy\" class=\"alignnone wp-image-72360 img-responsive center-block\" src=\"https:\/\/www.mendoza.gov.ar\/prensa\/wp-content\/uploads\/sites\/23\/lucha.jpg\" alt=\"\" width=\"350\" height=\"233\"><\/a><\/p>\n<p>&ldquo;Tambi&eacute;n quiero destacar el aporte realizado por Nicol&aacute;s Carrizo Palacios, Franco Guti&eacute;rrez, y Noelia Mamani, que ya siendo egresados de la escuela continuaron comprometidos con el proyecto&rdquo;, a&ntilde;adi&oacute; Lorenzo.<\/p>\n<p>Durante el acto, se proyect&oacute; un video institucional que muestra el trayecto que realizan los alumnos para concluir la obra. El audiovisual fue realizado por la docente Paula V&aacute;zquez, y Andrea Bonneto y tiene como protagonista al artista Jos&eacute; Berm&uacute;dez y la profesora Liliana Lorenzo.<\/p>\n<\/body><\/html>\n","protected":false},"excerpt":{"rendered":"En la cuarta edici\u00f3n de la exposici\u00f3n fue inaugurado un mural en homenaje a Jos\u00e9 Berm\u00fadez. Alumnos y profesores abrieron las puertas de la instituci\u00f3n educativa para mostrar los trabajos art\u00edsticos que realizaron durante el a\u00f1o. \n","protected":false},"author":63,"featured_media":72356,"comment_status":"open","ping_status":"open","sticky":false,"template":"","format":"standard","meta":[],"categories":[12],"tags":[],"_links":{"self":[{"href":"https:\/\/www.mendoza.gov.ar\/prensa\/wp-json\/wp\/v2\/posts\/72351"}],"collection":[{"href":"https:\/\/www.mendoza.gov.ar\/prensa\/wp-json\/wp\/v2\/posts"}],"about":[{"href":"https:\/\/www.mendoza.gov.ar\/prensa\/wp-json\/wp\/v2\/types\/post"}],"author":[{"embeddable":true,"href":"https:\/\/www.mendoza.gov.ar\/prensa\/wp-json\/wp\/v2\/users\/63"}],"replies":[{"embeddable":true,"href":"https:\/\/www.mendoza.gov.ar\/prensa\/wp-json\/wp\/v2\/comments?post=72351"}],"version-history":[{"count":0,"href":"https:\/\/www.mendoza.gov.ar\/prensa\/wp-json\/wp\/v2\/posts\/72351\/revisions"}],"wp:featuredmedia":[{"embeddable":true,"href":"https:\/\/www.mendoza.gov.ar\/prensa\/wp-json\/wp\/v2\/media\/72356"}],"wp:attachment":[{"href":"https:\/\/www.mendoza.gov.ar\/prensa\/wp-json\/wp\/v2\/media?parent=72351"}],"wp:term":[{"taxonomy":"category","embeddable":true,"href":"https:\/\/www.mendoza.gov.ar\/prensa\/wp-json\/wp\/v2\/categories?post=72351"},{"taxonomy":"post_tag","embeddable":true,"href":"https:\/\/www.mendoza.gov.ar\/prensa\/wp-json\/wp\/v2\/tags?post=72351"}],"curies":[{"name":"wp","href":"https:\/\/api.w.org\/{rel}","templated":true}]}}