{"id":72492,"date":"2016-11-14T10:42:19","date_gmt":"2016-11-14T13:42:19","guid":{"rendered":"http:\/\/prensa.mendoza.gov.ar\/?p=72492"},"modified":"2016-11-14T10:42:19","modified_gmt":"2016-11-14T13:42:19","slug":"desvio-de-colectivos-en-perito-moreno-de-godoy-cruz","status":"publish","type":"post","link":"https:\/\/www.mendoza.gov.ar\/prensa\/desvio-de-colectivos-en-perito-moreno-de-godoy-cruz\/","title":{"rendered":"Desv\u00edo de colectivos en Perito Moreno de Godoy Cruz"},"content":{"rendered":"<!DOCTYPE html PUBLIC \"-\/\/W3C\/\/DTD HTML 4.0 Transitional\/\/EN\" \"http:\/\/www.w3.org\/TR\/REC-html40\/loose.dtd\">\n<html><body><p>Por trabajos de la Municipalidad de Godoy Cruz en calle Perito Moreno entre R&iacute;o Plomo y Avenida del Trabajo, los servicios de transporte que circulan por la zona deber&aacute;n modificar su traza hasta el 13 de enero.<\/p>\n<p>Los servicios afectados son los siguientes:<\/p>\n<p>*&nbsp;<strong>Grupo 1:<\/strong><em>&nbsp;l&iacute;neas 12, 15 y 16.<\/em><\/p>\n<p>Tomar&aacute;n por Loria, Panamericana, Avenida del Trabajo, Perito Moreno y retomar&aacute;n el camino habitual.<\/p>\n<\/body><\/html>\n","protected":false},"excerpt":{"rendered":"Se extender\u00e1n hasta el 13 de enero y afectar\u00e1n las l\u00edneas 12, 15 y 16, del Grupo 1.","protected":false},"author":76,"featured_media":0,"comment_status":"open","ping_status":"open","sticky":false,"template":"","format":"standard","meta":[],"categories":[1],"tags":[],"_links":{"self":[{"href":"https:\/\/www.mendoza.gov.ar\/prensa\/wp-json\/wp\/v2\/posts\/72492"}],"collection":[{"href":"https:\/\/www.mendoza.gov.ar\/prensa\/wp-json\/wp\/v2\/posts"}],"about":[{"href":"https:\/\/www.mendoza.gov.ar\/prensa\/wp-json\/wp\/v2\/types\/post"}],"author":[{"embeddable":true,"href":"https:\/\/www.mendoza.gov.ar\/prensa\/wp-json\/wp\/v2\/users\/76"}],"replies":[{"embeddable":true,"href":"https:\/\/www.mendoza.gov.ar\/prensa\/wp-json\/wp\/v2\/comments?post=72492"}],"version-history":[{"count":0,"href":"https:\/\/www.mendoza.gov.ar\/prensa\/wp-json\/wp\/v2\/posts\/72492\/revisions"}],"wp:attachment":[{"href":"https:\/\/www.mendoza.gov.ar\/prensa\/wp-json\/wp\/v2\/media?parent=72492"}],"wp:term":[{"taxonomy":"category","embeddable":true,"href":"https:\/\/www.mendoza.gov.ar\/prensa\/wp-json\/wp\/v2\/categories?post=72492"},{"taxonomy":"post_tag","embeddable":true,"href":"https:\/\/www.mendoza.gov.ar\/prensa\/wp-json\/wp\/v2\/tags?post=72492"}],"curies":[{"name":"wp","href":"https:\/\/api.w.org\/{rel}","templated":true}]}}