{"id":72533,"date":"2016-11-14T11:45:26","date_gmt":"2016-11-14T14:45:26","guid":{"rendered":"http:\/\/prensa.mendoza.gov.ar\/?p=72533"},"modified":"2016-11-14T11:45:26","modified_gmt":"2016-11-14T14:45:26","slug":"paso-cristo-redentor-nuevamente-paran-los-trabajadores-de-la-aduana-chilena","status":"publish","type":"post","link":"https:\/\/www.mendoza.gov.ar\/prensa\/paso-cristo-redentor-nuevamente-paran-los-trabajadores-de-la-aduana-chilena\/","title":{"rendered":"Paso Cristo Redentor: Nuevamente paran los trabajadores de la aduana chilena"},"content":{"rendered":"<!DOCTYPE html PUBLIC \"-\/\/W3C\/\/DTD HTML 4.0 Transitional\/\/EN\" \"http:\/\/www.w3.org\/TR\/REC-html40\/loose.dtd\">\n<html><body><p>Los trabajadores de la aduana de Chile retoman hoy la medida de protesta que mantuvieron durante las semanas pasadas.<\/p>\n<p>Dada esta situaci&oacute;n, la Coordinaci&oacute;n Chilena solicit&oacute; a autoridades argentinas la restricci&oacute;n en el env&iacute;o de camiones, en una cantidad no superior a los 200 rodados, hacia el complejo aduanero Los Libertadores.<\/p>\n<p>Esta nueva medida de protesta ocasionar&aacute;, seguramente, demoras en los tr&aacute;mites de las personas que quieran trasladarse al pa&iacute;s vecino, por lo que se solicita tomar las precauciones correspondientes.<\/p>\n<p>Autoridades de ambos pa&iacute;ses consideraron que es posible que esta misma situaci&oacute;n se reitere ma&ntilde;ana.<\/p>\n<\/body><\/html>\n","protected":false},"excerpt":{"rendered":"La Coordinaci\u00f3n Chilena solicit\u00f3 a sus pares argentinos, autorizar s\u00f3lo el paso de 200 camiones hacia el Complejo Aduanero Los Libertadores. Los particulares podr\u00edan sufrir m\u00e1s demoras de lo habitual. La medida podr\u00e1 repetirse ma\u00f1ana.","protected":false},"author":61,"featured_media":72535,"comment_status":"open","ping_status":"open","sticky":false,"template":"","format":"standard","meta":[],"categories":[19],"tags":[],"_links":{"self":[{"href":"https:\/\/www.mendoza.gov.ar\/prensa\/wp-json\/wp\/v2\/posts\/72533"}],"collection":[{"href":"https:\/\/www.mendoza.gov.ar\/prensa\/wp-json\/wp\/v2\/posts"}],"about":[{"href":"https:\/\/www.mendoza.gov.ar\/prensa\/wp-json\/wp\/v2\/types\/post"}],"author":[{"embeddable":true,"href":"https:\/\/www.mendoza.gov.ar\/prensa\/wp-json\/wp\/v2\/users\/61"}],"replies":[{"embeddable":true,"href":"https:\/\/www.mendoza.gov.ar\/prensa\/wp-json\/wp\/v2\/comments?post=72533"}],"version-history":[{"count":0,"href":"https:\/\/www.mendoza.gov.ar\/prensa\/wp-json\/wp\/v2\/posts\/72533\/revisions"}],"wp:featuredmedia":[{"embeddable":true,"href":"https:\/\/www.mendoza.gov.ar\/prensa\/wp-json\/wp\/v2\/media\/72535"}],"wp:attachment":[{"href":"https:\/\/www.mendoza.gov.ar\/prensa\/wp-json\/wp\/v2\/media?parent=72533"}],"wp:term":[{"taxonomy":"category","embeddable":true,"href":"https:\/\/www.mendoza.gov.ar\/prensa\/wp-json\/wp\/v2\/categories?post=72533"},{"taxonomy":"post_tag","embeddable":true,"href":"https:\/\/www.mendoza.gov.ar\/prensa\/wp-json\/wp\/v2\/tags?post=72533"}],"curies":[{"name":"wp","href":"https:\/\/api.w.org\/{rel}","templated":true}]}}