{"id":72707,"date":"2016-11-15T13:58:39","date_gmt":"2016-11-15T16:58:39","guid":{"rendered":"http:\/\/prensa.mendoza.gov.ar\/?p=72707"},"modified":"2016-11-15T13:58:39","modified_gmt":"2016-11-15T16:58:39","slug":"comenzo-la-temporada-en-el-parque-provincial-aconcagua","status":"publish","type":"post","link":"https:\/\/www.mendoza.gov.ar\/prensa\/comenzo-la-temporada-en-el-parque-provincial-aconcagua\/","title":{"rendered":"Comenz\u00f3 la temporada en el Parque Provincial Aconcagua"},"content":{"rendered":"<!DOCTYPE html PUBLIC \"-\/\/W3C\/\/DTD HTML 4.0 Transitional\/\/EN\" \"http:\/\/www.w3.org\/TR\/REC-html40\/loose.dtd\">\n<html><body><p>La Secretar&iacute;a de Ambiente y Ordenamiento Territorial, a trav&eacute;s de la Direcci&oacute;n de Recursos Naturales Renovables, anunci&oacute; el comienzo de la Temporada 2016\/2017 en el Parque Provincial Aconcagua durante una conferencia de prensa realizada en Casa de Gobierno. El inicio se realiza&nbsp;luego de diversas reuniones donde se pautaron acuerdos con la Comisi&oacute;n Asesora Permanente del Parque Provincial Aconcagua (CAPPA) que dieron lugar a un espacio de di&aacute;logo, opiniones y propuestas para mejorar la calidad del servicio dentro de la reserva.<\/p>\n<p>En este sentido, el secretario de Ambiente, Humberto Mingorance, subray&oacute;: &ldquo;Es importante destacar el compromiso de todos los integrantes de esta Comisi&oacute;n, ya que a m&aacute;s tardar antes de mayo del pr&oacute;ximo a&ntilde;o se acordar&aacute;n las condiciones de servicios para las pr&oacute;ximas temporadas entrantes, 2017\/18 y 2018\/19&rdquo;.<\/p>\n<p>&ldquo;El personal de Guardaparques y la Patrulla de Rescates, ya est&aacute;n&nbsp;trabajando dentro de Aconcagua con total normalidad. El jueves volveremos a tener una nueva reuni&oacute;n con los delegados representantes de Guardaparques para terminar de definir ciertas pol&iacute;ticas planteadas por los trabajadores, en las cuales la Secretar&iacute;a, para poder llegar a un pronto acuerdo&rdquo;, aclar&oacute; el funcionario.<\/p>\n<p><a href=\"https:\/\/www.mendoza.gov.ar\/prensa\/wp-content\/uploads\/sites\/23\/DSC_6124.jpg\"><img loading=\"lazy\" class=\"alignnone wp-image-72712 img-responsive center-block\" src=\"https:\/\/www.mendoza.gov.ar\/prensa\/wp-content\/uploads\/sites\/23\/DSC_6124.jpg\" alt=\"\" width=\"650\" height=\"434\"><\/a><\/p>\n<p>&ldquo;La Secretar&iacute;a de Ambiente y Ordenamiento Territorial adquirir&aacute; domos para el reemplazo, de los refugios destruidos, para poder emplazarlos en diciembre. Intertanto entre el inicio de la temporada y la instalaci&oacute;n de los domos oficiales, las empresas pondr&aacute;n a disposici&oacute;n parte de su infraestructura para absorber este d&eacute;ficit&rdquo;, se&ntilde;al&oacute; en relaci&oacute;n al refugio afectado por el temporal en Plaza de Mulas durante el invierno.<\/p>\n<p><a href=\"https:\/\/www.mendoza.gov.ar\/prensa\/wp-content\/uploads\/sites\/23\/DSC_0035.jpg\"><img loading=\"lazy\" class=\"alignnone wp-image-72715 img-responsive center-block\" src=\"https:\/\/www.mendoza.gov.ar\/prensa\/wp-content\/uploads\/sites\/23\/DSC_0035.jpg\" alt=\"\" width=\"650\" height=\"432\"><\/a><\/p>\n<p>El titular de la cartera estuvo acompa&ntilde;ado por el director de Calidad y Servicios Tur&iacute;sticos, Marcelo Reynoso y la coordinadora General de la CAPPA, Laura Su&aacute;rez, al momento de informar los ejes principales en relaci&oacute;n a los servicios que se prestar&aacute;n en el Parque Aconcagua. Cobros de b&uacute;squedas y rescates, evacuaciones, fechas de apertura y cierre, servicios m&eacute;dicos, servicio de helic&oacute;ptero, costos de ingreso y reparaci&oacute;n del refugio de Plaza de Mulas, tras el da&ntilde;o ocasionado en el invierno por el temporal, fueron algunas de las medidas anunciadas por los funcionarios.<strong>&nbsp;<\/strong><\/p>\n<p><strong>Los servicios<\/strong><\/p>\n<p>Desde esta temporada se deber&aacute;n pagar todas las b&uacute;squedas y\/o rescates que se realicen en helic&oacute;ptero, quedando eximidas de pago las evacuaciones ya que el servicio se encuentra &nbsp;incluido dentro del valor del ticket.<\/p>\n<p>Los gastos del helic&oacute;ptero ser&aacute;n cobrados una vez finalizado el operativo de rescate o b&uacute;squeda ya que el importe depender&aacute; de la cantidad de minutos necesarios para el operativo, siendo aproximadamente &nbsp;$40.000 el valor estimado de la hora de vuelo. El servicio estar&aacute; vigente desde el 1 de diciembre hasta al 15 de marzo, fecha en que finaliza la temporada 2016\/2017.<\/p>\n<p><a href=\"https:\/\/www.mendoza.gov.ar\/prensa\/wp-content\/uploads\/sites\/23\/DSC_6008.jpg\"><img loading=\"lazy\" class=\"alignnone wp-image-72713 img-responsive center-block\" src=\"https:\/\/www.mendoza.gov.ar\/prensa\/wp-content\/uploads\/sites\/23\/DSC_6008.jpg\" alt=\"\" width=\"650\" height=\"434\"><\/a><\/p>\n<p>En cuanto a los servicios sanitarios, las autoridades informaron que, habr&aacute; una ambulancia a disposici&oacute;n para traslados y atenci&oacute;n m&eacute;dica en el centro de salud m&aacute;s cercano a la reserva. Dentro de la reserva el servicio m&eacute;dico estar&aacute; cubierto hasta mediados de diciembre (temporada baja) con una guardia permanente y a partir del 15 de diciembre con la totalidad del servicio.<\/p>\n<p>Tambi&eacute;n se defini&oacute; que la temporada 2016\/17, mantendr&aacute; los mismos c&aacute;nones en relaci&oacute;n al ticket de ingreso dependiente de la actividad que el visitante elija hacer. Entre algunos de los diversos servicios con los que cuenta la reserva se implementar&aacute; un sistema de posnet para poder facilitar el pago con tarjetas de cr&eacute;dito o d&eacute;bito.<\/p>\n<p>Por otra parte, a partir del inicio de la temporada comenzar&aacute;n a ingresar los materiales para montar la antena 4G en Plaza de Mulas, la cual ser&aacute; posicionada con mayor altura en el mundo y prestar&aacute; un servicio de conectividad a 4.200msm (metros sobre el nivel del mar).<\/p>\n<\/body><\/html>\n","protected":false},"excerpt":{"rendered":"As\u00ed lo inform\u00f3 la Secretar\u00eda de Ambiente y Ordenamiento Territorial. El anuncio lleg\u00f3 luego de haber mantenido diversas reuniones con la Comisi\u00f3n Asesora Permanente del Parque Provincial Aconcagua (CAPPA), donde se pautaron acuerdos y la planificaci\u00f3n para mejorar la calidad del servicio dentro de la reserva durante la temporada 2016\/2017.","protected":false},"author":76,"featured_media":72710,"comment_status":"open","ping_status":"open","sticky":false,"template":"","format":"standard","meta":[],"categories":[3],"tags":[],"_links":{"self":[{"href":"https:\/\/www.mendoza.gov.ar\/prensa\/wp-json\/wp\/v2\/posts\/72707"}],"collection":[{"href":"https:\/\/www.mendoza.gov.ar\/prensa\/wp-json\/wp\/v2\/posts"}],"about":[{"href":"https:\/\/www.mendoza.gov.ar\/prensa\/wp-json\/wp\/v2\/types\/post"}],"author":[{"embeddable":true,"href":"https:\/\/www.mendoza.gov.ar\/prensa\/wp-json\/wp\/v2\/users\/76"}],"replies":[{"embeddable":true,"href":"https:\/\/www.mendoza.gov.ar\/prensa\/wp-json\/wp\/v2\/comments?post=72707"}],"version-history":[{"count":0,"href":"https:\/\/www.mendoza.gov.ar\/prensa\/wp-json\/wp\/v2\/posts\/72707\/revisions"}],"wp:featuredmedia":[{"embeddable":true,"href":"https:\/\/www.mendoza.gov.ar\/prensa\/wp-json\/wp\/v2\/media\/72710"}],"wp:attachment":[{"href":"https:\/\/www.mendoza.gov.ar\/prensa\/wp-json\/wp\/v2\/media?parent=72707"}],"wp:term":[{"taxonomy":"category","embeddable":true,"href":"https:\/\/www.mendoza.gov.ar\/prensa\/wp-json\/wp\/v2\/categories?post=72707"},{"taxonomy":"post_tag","embeddable":true,"href":"https:\/\/www.mendoza.gov.ar\/prensa\/wp-json\/wp\/v2\/tags?post=72707"}],"curies":[{"name":"wp","href":"https:\/\/api.w.org\/{rel}","templated":true}]}}