{"id":72725,"date":"2016-11-15T14:47:41","date_gmt":"2016-11-15T17:47:41","guid":{"rendered":"http:\/\/prensa.mendoza.gov.ar\/?p=72725"},"modified":"2016-11-15T14:47:41","modified_gmt":"2016-11-15T17:47:41","slug":"dia-mundial-de-la-diabetes-osep-desarrollo-actividades-en-las-sedes-departamentales-para-informar-sobre-la-enfermedad","status":"publish","type":"post","link":"https:\/\/www.mendoza.gov.ar\/prensa\/dia-mundial-de-la-diabetes-osep-desarrollo-actividades-en-las-sedes-departamentales-para-informar-sobre-la-enfermedad\/","title":{"rendered":"D\u00eda Mundial de la Diabetes: OSEP desarroll\u00f3 actividades en las sedes departamentales para informar sobre la enfermedad"},"content":{"rendered":"<!DOCTYPE html PUBLIC \"-\/\/W3C\/\/DTD HTML 4.0 Transitional\/\/EN\" \"http:\/\/www.w3.org\/TR\/REC-html40\/loose.dtd\">\n<html><body><p>En una semana que contar&aacute; con muchas actividades en las distintas sedes departamentales de OSEP, el Programa de Gesti&oacute;n Cl&iacute;nica para Pacientes Cr&oacute;nicos&nbsp; realiz&oacute; una jornada con juegos educativos, taller de cocina, recreaci&oacute;n y premios en el Galp&oacute;n Cultural El Ojo Azul, Guaymall&eacute;n.<\/p>\n<p>Destinado a profesionales, pacientes y p&uacute;blico en general, &nbsp;el encuentro tuvo como fin concientizar sobre los riesgos de la diabetes. Si no se asume con seriedad, esta enfermedad &nbsp;puede causar graves problemas, entre ellos: accidentes cerebrovasculares, cardiopat&iacute;as, retinopat&iacute;a y da&ntilde;o renal.<\/p>\n<p>En la jornada de Guaymall&eacute;n estuvieron los doctores Teresa Z&aacute;rate, directora de Atenci&oacute;n a la Salud de OSEP; Mariana Casta&ntilde;os, titular de Atenci&oacute;n Primaria; Marcelo &Aacute;lvarez y &nbsp;Paula Fachinelli, del Programa de Pacientes Cr&oacute;nicos, &nbsp;y la licenciada Paola Navarro responsable de los talleres preventivos. Adem&aacute;s participaron Iris Quiroga, referente de OSEP Cerca y todo el equipo interdisciplinario que acompa&ntilde;a a los pacientes con esta patolog&iacute;a.<\/p>\n<p>Un centenar de personas accedieron recibieron asesoramiento profesional y material informativo, no solo de la enfermedad sino tambi&eacute;n de los talleres que realiza todas las semanas el programa de OSEP&nbsp; para sus pacientes cr&oacute;nicos.<\/p>\n<p>Uno de los hechos m&aacute;s destacados de la tarde fue la entrevista que hicieron los asistentes con el se&ntilde;or Ricardo Vicente Greco, un paciente de 74 a&ntilde;os que padece diabetes tipo 1 desde los 4 a&ntilde;os, todo un ejemplo de voluntad para la comunidad.<\/p>\n<p>Por su parte, el doctor &Aacute;lvarez, coordinador de Pacientes Cr&oacute;nicos, se mostr&oacute; muy satisfecho con la respuesta del p&uacute;blico, ya que los pacientes se sumaron inmediatamente a la consigna y asistieron acompa&ntilde;ados por familiares, haciendo de esta enfermedad una responsabilidad de todos.<\/p>\n<p>Finalmente, la doctora Casta&ntilde;os destac&oacute; el trabajo de los distintos programas de Atenci&oacute;n Primaria que realizan un abordaje no solo por el bienestar de sus pacientes sino tambi&eacute;n por la prevenci&oacute;n de enfermedades.<\/p>\n<p>Para acceder a los talleres los interesados deben dirigirse a Rondeau 332, de Ciudad. Tel&eacute;fonos: 4615127 &ndash; 4615089<\/p>\n<p><strong>General Alvear<\/strong><\/p>\n<p>El departamento sure&ntilde;o conmemoro la fecha con una caminata saludable que parti&oacute; desde la sede de OSEP hacia la calle Uspallata. Participaron de esta actividad p&uacute;blico en general y siete colegios, primarios y secundarios del departamento, que previo al inicio de la caminata, recibieron en el Sum de la sede una charla respecto de la diabetes, la prevenci&oacute;n y los cuidados a tener en cuenta, a cargo de la licenciada en nutrici&oacute;n Gabriela Wareiczuk.<\/p>\n<p>Durante el desarrollo de la caminata, se instal&oacute; el kiosco saludable y desde la municipalidad aportaron profesores de aer&oacute;bic que realizaron diferentes coreograf&iacute;as para animar y entretener a los participantes.<\/p>\n<p><strong>Luj&aacute;n<\/strong><\/p>\n<p><a href=\"https:\/\/www.mendoza.gov.ar\/prensa\/wp-content\/uploads\/sites\/23\/Luj%C3%A1n2.jpg\"><img loading=\"lazy\" class=\"alignnone wp-image-72727 img-responsive center-block\" src=\"https:\/\/www.mendoza.gov.ar\/prensa\/wp-content\/uploads\/sites\/23\/Luj%C3%A1n2.jpg\" alt=\"\" width=\"350\" height=\"467\"><\/a><\/p>\n<p>Por su parte OSEP Lujan realiz&oacute; una caminata que recorri&oacute; cuatro kil&oacute;metros y medio por la ciudad del departamento, en un trayecto ida y vuelta desde la delegaci&oacute;n hasta la rotonda de los bomberos. En esta actividad, organizada por la doctora Laura Romero, especialista en diabetes, y el profesor Sebasti&aacute;n Adrover, participaron adultos mayores y culmin&oacute; con un desayuno saludable en el Sum de la sede. M&aacute;s tarde se realizaron sorteos, con premios conseguidos gracias a las donaciones de algunos laboratorios y afiliados. Fue una jornada exitosa en la cual hubo una gran participaci&oacute;n y significo un gran aprendizaje para los asistentes sobre la diabetes, como prevenirla y tratarla.<\/p>\n<\/body><\/html>\n","protected":false},"excerpt":{"rendered":"Charlas, talleres de cocina y actividades deportivas fueron algunas  de las propuestas que OSEP acerc\u00f3 a las delegaciones de Guaymall\u00e9n, General Alvear y Luj\u00e1n en la jornada de ayer. ","protected":false},"author":63,"featured_media":72721,"comment_status":"open","ping_status":"open","sticky":false,"template":"","format":"standard","meta":[],"categories":[30],"tags":[],"_links":{"self":[{"href":"https:\/\/www.mendoza.gov.ar\/prensa\/wp-json\/wp\/v2\/posts\/72725"}],"collection":[{"href":"https:\/\/www.mendoza.gov.ar\/prensa\/wp-json\/wp\/v2\/posts"}],"about":[{"href":"https:\/\/www.mendoza.gov.ar\/prensa\/wp-json\/wp\/v2\/types\/post"}],"author":[{"embeddable":true,"href":"https:\/\/www.mendoza.gov.ar\/prensa\/wp-json\/wp\/v2\/users\/63"}],"replies":[{"embeddable":true,"href":"https:\/\/www.mendoza.gov.ar\/prensa\/wp-json\/wp\/v2\/comments?post=72725"}],"version-history":[{"count":0,"href":"https:\/\/www.mendoza.gov.ar\/prensa\/wp-json\/wp\/v2\/posts\/72725\/revisions"}],"wp:featuredmedia":[{"embeddable":true,"href":"https:\/\/www.mendoza.gov.ar\/prensa\/wp-json\/wp\/v2\/media\/72721"}],"wp:attachment":[{"href":"https:\/\/www.mendoza.gov.ar\/prensa\/wp-json\/wp\/v2\/media?parent=72725"}],"wp:term":[{"taxonomy":"category","embeddable":true,"href":"https:\/\/www.mendoza.gov.ar\/prensa\/wp-json\/wp\/v2\/categories?post=72725"},{"taxonomy":"post_tag","embeddable":true,"href":"https:\/\/www.mendoza.gov.ar\/prensa\/wp-json\/wp\/v2\/tags?post=72725"}],"curies":[{"name":"wp","href":"https:\/\/api.w.org\/{rel}","templated":true}]}}