{"id":73103,"date":"2016-11-18T09:02:36","date_gmt":"2016-11-18T12:02:36","guid":{"rendered":"http:\/\/prensa.mendoza.gov.ar\/?p=73103"},"modified":"2016-11-18T09:02:36","modified_gmt":"2016-11-18T12:02:36","slug":"desvio-en-calle-peru-de-ciudad","status":"publish","type":"post","link":"https:\/\/www.mendoza.gov.ar\/prensa\/desvio-en-calle-peru-de-ciudad\/","title":{"rendered":"Desv\u00edo en calle Per\u00fa de Ciudad"},"content":{"rendered":"<!DOCTYPE html PUBLIC \"-\/\/W3C\/\/DTD HTML 4.0 Transitional\/\/EN\" \"http:\/\/www.w3.org\/TR\/REC-html40\/loose.dtd\">\n<html><body><p>Por trabajos de reparaci&oacute;n desarrollados por la Municipalidad de la Ciudad de Mendoza, habr&aacute; desv&iacute;os durante 60 d&iacute;as corridos en calle Per&uacute; y Coronel Plaza.<\/p>\n<p><span style=\"font-weight: 400\">Como consecuencia, algunos servicios que circulan por la zona modificar&aacute;n temporalmente su traza:<\/span><\/p>\n<p><span style=\"font-weight: 400\">Todos los servicios pertenecientes a la <\/span>EPTM<span style=\"font-weight: 400\"> que salen del control t<\/span>omar&aacute;n por Per&uacute;, Pellegrini, 9 de Julio y retomar&aacute; su recorrido normal.<\/p>\n<p><b><b>Grupo 7,&nbsp;<\/b><i><span style=\"font-weight: 400\">l&iacute;neas 92 y 94:<\/span><\/i><\/b><\/p>\n<p>De Centro a Zona: Per&uacute;, Las Heras, Juan B. Justo, Olascoaga, Paran&aacute; y volver&aacute; a su recorrido.<\/p>\n<p>De Zona a Centro: T. Benegas, Juan B. Justo, Las Heras, Per&uacute;, Godoy Cruz y retomar&aacute; su traza.<\/p>\n<p>&ndash;&nbsp;<b><b>Grupo 4,&nbsp;<\/b><i><span style=\"font-weight: 400\">l&iacute;neas 82, 83 y 87:<\/span><\/i><\/b><\/p>\n<p>Centro a Zona: Per&uacute;, Barcala, Chile, Maza, Per&uacute;&nbsp;y retoma recorrido normal.<\/p>\n<p>Zona a Centro: Per&uacute;, Vendimiadores, 25 de Mayo, Euebio Blanco, Per&uacute; y vuelve a su camino habitual.<\/p>\n<\/body><\/html>\n","protected":false},"excerpt":{"rendered":"Ser\u00e1 por trabajos de reparaci\u00f3n en calle Per\u00fa y Coronel Plaza.","protected":false},"author":76,"featured_media":73111,"comment_status":"open","ping_status":"open","sticky":false,"template":"","format":"standard","meta":[],"categories":[1],"tags":[],"_links":{"self":[{"href":"https:\/\/www.mendoza.gov.ar\/prensa\/wp-json\/wp\/v2\/posts\/73103"}],"collection":[{"href":"https:\/\/www.mendoza.gov.ar\/prensa\/wp-json\/wp\/v2\/posts"}],"about":[{"href":"https:\/\/www.mendoza.gov.ar\/prensa\/wp-json\/wp\/v2\/types\/post"}],"author":[{"embeddable":true,"href":"https:\/\/www.mendoza.gov.ar\/prensa\/wp-json\/wp\/v2\/users\/76"}],"replies":[{"embeddable":true,"href":"https:\/\/www.mendoza.gov.ar\/prensa\/wp-json\/wp\/v2\/comments?post=73103"}],"version-history":[{"count":0,"href":"https:\/\/www.mendoza.gov.ar\/prensa\/wp-json\/wp\/v2\/posts\/73103\/revisions"}],"wp:featuredmedia":[{"embeddable":true,"href":"https:\/\/www.mendoza.gov.ar\/prensa\/wp-json\/wp\/v2\/media\/73111"}],"wp:attachment":[{"href":"https:\/\/www.mendoza.gov.ar\/prensa\/wp-json\/wp\/v2\/media?parent=73103"}],"wp:term":[{"taxonomy":"category","embeddable":true,"href":"https:\/\/www.mendoza.gov.ar\/prensa\/wp-json\/wp\/v2\/categories?post=73103"},{"taxonomy":"post_tag","embeddable":true,"href":"https:\/\/www.mendoza.gov.ar\/prensa\/wp-json\/wp\/v2\/tags?post=73103"}],"curies":[{"name":"wp","href":"https:\/\/api.w.org\/{rel}","templated":true}]}}