{"id":73194,"date":"2016-11-18T17:42:45","date_gmt":"2016-11-18T20:42:45","guid":{"rendered":"http:\/\/prensa.mendoza.gov.ar\/?p=73194"},"modified":"2016-11-18T17:42:45","modified_gmt":"2016-11-18T20:42:45","slug":"la-mesa-veraniega-fue-el-eje-de-una-nueva-clase-de-cocina-en-el-mercado-de-la-terminal","status":"publish","type":"post","link":"https:\/\/www.mendoza.gov.ar\/prensa\/la-mesa-veraniega-fue-el-eje-de-una-nueva-clase-de-cocina-en-el-mercado-de-la-terminal\/","title":{"rendered":"La mesa veraniega fue el eje de una nueva clase de cocina en el Mercado de la Terminal"},"content":{"rendered":"<!DOCTYPE html PUBLIC \"-\/\/W3C\/\/DTD HTML 4.0 Transitional\/\/EN\" \"http:\/\/www.w3.org\/TR\/REC-html40\/loose.dtd\">\n<html><body><p>Este viernes en el Mercado de la Terminal, en Guaymall&eacute;n, los cocineros locales del Centro de Capacitaci&oacute;n Laboral San Isidro Labrador, de Rivadavia, presentaron sus recetas. Las preparaciones consistieron, en mesas veraniegas. Los platos ricos y diferentes, fueron cocinados en vivo, ante la presencia de m&aacute;s de 30 asistentes, que circunstancialmente, disfrutaron de las recetas.<\/p>\n<p>La ensalada de zanahoria, remolacha y huevo, se llev&oacute; todas las miradas y fue una de las m&aacute;s comentadas, a la hora de su preparaci&oacute;n. Tambi&eacute;n tuvimos una abundante copa de frutas, que coron&oacute; la jornada saludable, en el mercado de productores locales.<\/p>\n<p>Se acerca fin de a&ntilde;o, y las frutas y verduras de estaci&oacute;n se convierten en una excelente opci&oacute;n a la hora de cocinar. Platos frescos, coloridos, entusiasman las mesas de los mendocinos, que eligen los productos locales, para incorporar a sus comidas.<\/p>\n<p>Cabe destacar, que es ya una sana costumbre, las jornadas gourmet, que se llevan a cabo los d&iacute;as viernes de cada semana, tanto en el Mercado de la Terminal, como as&iacute; tambi&eacute;n en el Hipermercado Wal Mart, de Benegas, Godoy Cruz.<\/p>\n<\/body><\/html>\n","protected":false},"excerpt":{"rendered":"Las preparaciones con un toque navide\u00f1o animaron la jornada de cocina en el Mercado de los productores. M\u00e1s de 30 personas disfrutaron de las recetas, elaboradas por los cocineros del Centro de Capacitaci\u00f3n San Isidro Labrador.","protected":false},"author":68,"featured_media":73196,"comment_status":"open","ping_status":"open","sticky":false,"template":"","format":"standard","meta":[],"categories":[1],"tags":[],"_links":{"self":[{"href":"https:\/\/www.mendoza.gov.ar\/prensa\/wp-json\/wp\/v2\/posts\/73194"}],"collection":[{"href":"https:\/\/www.mendoza.gov.ar\/prensa\/wp-json\/wp\/v2\/posts"}],"about":[{"href":"https:\/\/www.mendoza.gov.ar\/prensa\/wp-json\/wp\/v2\/types\/post"}],"author":[{"embeddable":true,"href":"https:\/\/www.mendoza.gov.ar\/prensa\/wp-json\/wp\/v2\/users\/68"}],"replies":[{"embeddable":true,"href":"https:\/\/www.mendoza.gov.ar\/prensa\/wp-json\/wp\/v2\/comments?post=73194"}],"version-history":[{"count":0,"href":"https:\/\/www.mendoza.gov.ar\/prensa\/wp-json\/wp\/v2\/posts\/73194\/revisions"}],"wp:featuredmedia":[{"embeddable":true,"href":"https:\/\/www.mendoza.gov.ar\/prensa\/wp-json\/wp\/v2\/media\/73196"}],"wp:attachment":[{"href":"https:\/\/www.mendoza.gov.ar\/prensa\/wp-json\/wp\/v2\/media?parent=73194"}],"wp:term":[{"taxonomy":"category","embeddable":true,"href":"https:\/\/www.mendoza.gov.ar\/prensa\/wp-json\/wp\/v2\/categories?post=73194"},{"taxonomy":"post_tag","embeddable":true,"href":"https:\/\/www.mendoza.gov.ar\/prensa\/wp-json\/wp\/v2\/tags?post=73194"}],"curies":[{"name":"wp","href":"https:\/\/api.w.org\/{rel}","templated":true}]}}