{"id":73550,"date":"2016-11-22T17:06:31","date_gmt":"2016-11-22T20:06:31","guid":{"rendered":"http:\/\/prensa.mendoza.gov.ar\/?p=73550"},"modified":"2016-11-22T17:06:31","modified_gmt":"2016-11-22T20:06:31","slug":"es-ley-el-presupuesto-provincial-2017","status":"publish","type":"post","link":"https:\/\/www.mendoza.gov.ar\/prensa\/es-ley-el-presupuesto-provincial-2017\/","title":{"rendered":"Es Ley el Presupuesto Provincial 2017"},"content":{"rendered":"<!DOCTYPE html PUBLIC \"-\/\/W3C\/\/DTD HTML 4.0 Transitional\/\/EN\" \"http:\/\/www.w3.org\/TR\/REC-html40\/loose.dtd\">\n<html><body><p class=\"m_-8504110670169132988gmail-msonospacing\">Durante el debate, el senador Jorge Palero fue quien explic&oacute; el importante trabajo que realizaron legisladores de ambas C&aacute;maras durante su an&aacute;lisis en Comisiones.<\/p>\n<p class=\"m_-8504110670169132988gmail-msonospacing\">En este marco manifest&oacute; que &eacute;ste ha sido un proceso virtuoso debido a que ha habido una participaci&oacute;n de todas las fuerzas pol&iacute;ticas, mostrando sus disensos y haciendo sus aportes despu&eacute;s de haber aprobado las Leyes de Aval&uacute;o e Impositiva.<\/p>\n<p class=\"m_-8504110670169132988gmail-msonospacing\">Adem&aacute;s, inform&oacute; que el Presupuesto es la transcripci&oacute;n num&eacute;rica de todo un plan de gobierno para que sea aplicado el pr&oacute;ximo a&ntilde;o y que estos recursos y prioridades se va a llevar adelante. Y a&ntilde;adi&oacute;: &ldquo;Si bien el Gobierno que es quien ejerce el liderazgo, existe en la Legislatura la participaci&oacute;n para que las propuestas que se hagan sean discutidas hasta llegar a justos medios para que sean incorporadas&rdquo;.<\/p>\n<p class=\"m_-8504110670169132988gmail-msonospacing\">&ldquo;Hoy estamos acerc&aacute;ndonos a pol&iacute;ticas de Estado y que est&aacute;n fuera de discusi&oacute;n para que se hagan realidad. Ya no se discute que los hospitales tengan los insumos necesarios y que las escuelas est&eacute;n en condiciones dignas cuando comiencen las clases&rdquo;, profundiz&oacute; el legislador.<\/p>\n<p class=\"m_-8504110670169132988gmail-msonospacing\">Palero adem&aacute;s expuso: &ldquo;En t&eacute;rminos num&eacute;ricos, el Presupuesto contempla un total de erogaciones de $ 62.877.831.200, este es un crecimiento mayor al del a&ntilde;o pasado&rdquo;.<\/p>\n<p class=\"m_-8504110670169132988gmail-msonospacing\">En cuanto al endeudamiento coment&oacute; que entiende que es motivo de discusi&oacute;n: &ldquo;Sabemos que es conveniente para que esta amortizaci&oacute;n sea pagada en tiempo y forma. Va a estar direccionado para la compra y para los bienes de capital. No se pide dinero prestado para pagar sueldos o para pagar deudas corrientes, sino que va a estar orientada hacia los bienes de capital y hacia los intereses de la deuda&rdquo;, precis&oacute;.<\/p>\n<p class=\"m_-8504110670169132988gmail-msonospacing\">Con respecto a la evoluci&oacute;n del d&eacute;ficit, Palero coment&oacute;: &ldquo;Quiero poner en manifiesto que el a&ntilde;o pasado se pidieron 20 mil millones y con lo que presentamos va a haber una disminuci&oacute;n, por lo que va a ser m&aacute;s eficiente en el uso de los recursos&rdquo;.<\/p>\n<p class=\"m_-8504110670169132988gmail-msonospacing\">En cuanto al art&iacute;culo 42, el presidente de la Comisi&oacute;n de Hacienda inform&oacute;: &ldquo;Los propios proveedores podr&aacute;n financiar la adquisici&oacute;n de bienes de capital. Adem&aacute;s hace un detalle espec&iacute;fico de cada uno de los insumos que se comprar&aacute;n con ese dinero. Se podr&aacute; dotar de elementos a los hospitales, al mejoramiento de la lucha antigranizo, incorporar un helic&oacute;ptero para el Ministerio de Seguridad, dotar a las Intendencias de esta posibilidad para que puedan adquirir bienes de capital&rdquo;.<\/p>\n<p class=\"m_-8504110670169132988gmail-msonospacing\">&ldquo;Vamos a pagar los sueldos y para nosotros lo que era una ayuda ahora es un una certeza. El a&ntilde;o que viene se van a licitar viviendas para que los mendocinos cumplan el sue&ntilde;o de tener la casa propia&rdquo;, coment&oacute; Palero.<\/p>\n<p class=\"m_-8504110670169132988gmail-msonospacing\">Siguiendo con su presentaci&oacute;n, el senador del radicalismo expuso: &ldquo;Creo que los mendocinos m&aacute;s all&aacute; de la preocupaci&oacute;n l&oacute;gica, quiero reiterar que la deuda que presentamos no ha sido mayor a la del a&ntilde;o que viene y esto lo propusimos para no tener que votar deuda el a&ntilde;o que viene dentro del Presupuesto. No depende de la voluntad de Mendoza, sino de la situaci&oacute;n macroecon&oacute;mica&rdquo;.<\/p>\n<p class=\"m_-8504110670169132988gmail-msonospacing\">Adem&aacute;s coment&oacute;: &ldquo;Me parece que este puede ser el comienzo de algo importante para tener lo que nuestro pa&iacute;s necesita.&nbsp; Si nos ponemos a ver los porcentajes del resto de los Ministerios, denota que queremos poner a Mendoza del punto de vista tur&iacute;stico y productivo&rdquo;.<\/p>\n<p class=\"m_-8504110670169132988gmail-msonospacing\">En cuanto a los fondos que est&aacute;n destinados para el sector productivo, Palero inform&oacute;: &ldquo;Creo que se puede trabajar en tratar de mermar los efectos del clima sobre la producci&oacute;n. El sector p&uacute;blico tiene una responsabilidad y por ello vamos a trabajar cerca del productor para mitigar esta problem&aacute;tica&rdquo;.<\/p>\n<p class=\"m_-8504110670169132988gmail-msonospacing\">Tambi&eacute;n puso en valor la gesti&oacute;n del gobernador Alfredo Cornejo: &ldquo;El Presupuesto 2017 es un desaf&iacute;o y un triunfo de todos. El pueblo confi&oacute; no s&oacute;lo en la administraci&oacute;n de Cornejo, ya que tambi&eacute;n confi&oacute; en que nosotros hagamos los aportes, los esfuerzos, los disensos. Pero lo que no podemos es desear que las cosas no se hagan bien por eso desde la Comisi&oacute;n de Hacienda se han acercado aportes que hemos tratado de incorporar&rdquo;.<\/p>\n<p class=\"m_-8504110670169132988gmail-msonospacing\">&ldquo;Hoy se corona un esfuerzo muy importante tratando de ver como estaba la provincia de Mendoza haciendo aportes genuinos y se tradujo en lo que hoy Diputados nos trajo para que votemos hoy. Invito a la oposici&oacute;n a que nos acompa&ntilde;e en este proyecto y en este trabajo profundo para poder trabajar con las ah&iacute;nco pero sobre todo para trabajar en pos del mendocino&rdquo;, afirm&oacute; el legislador.<\/p>\n<p class=\"m_-8504110670169132988gmail-msonospacing\">En tanto desde el bloque del FIT, el senador V&iacute;ctor da Vila y la senadora Noelia Barbeito adelantaron su voto negativo: &ldquo;Vamos a rechazar el Presupuesto, porque nadie que quiera ser oposici&oacute;n popular puede votar uno con estas caracter&iacute;sticas&rdquo;, dijo da Vila.<\/p>\n<p>Por su parte, Barbeito expuso: &ldquo;Es la tercera vez que nos toca estar en el debate de Presupuesto y aunque haya cambiado el signo pol&iacute;tico, vemos que la pauta de gasto sigue favoreciendo a unos pocos privilegiados y no al pueblo mendocino mayoritario&rdquo;.<\/p>\n<p>&ldquo;El proyecto estipula una inflaci&oacute;n del 17 por ciento, algo que es imposible, y el &uacute;nico argumento que vemos para justificar este n&uacute;mero es ponerle un techo a las paritarias del pr&oacute;ximo a&ntilde;o&rdquo;, declar&oacute; la legisladora del FIT&nbsp;y agreg&oacute;: &ldquo;De cada peso que se destina a Salud y a Educaci&oacute;n, dos van para Seguridad y no vemos que se disponga presupuesto para paliar el flagelo que estamos sufriendo las mujeres con la violencia y femicidios. No vamos a acompa&ntilde;ar este proyecto, y no es por capricho, sino por su clara orientaci&oacute;n social, que privilegia a unos pocos y sigue ajustando al pueblo&rdquo;.<\/p>\n<p>En este punto, la senadora Daniel Garc&iacute;a (UCR) remarc&oacute; la cifra destinada por departamentos para refugios a v&iacute;ctimas violencia de g&eacute;nero.<\/p>\n<p class=\"m_-8504110670169132988gmail-msonospacing\">Desde el bloque Justicialista, el senador &Aacute;ngel Brancato expuso: &ldquo;Hoy estamos aprobando un Presupuesto y al Ejecutivo Provincial se lo acompa&ntilde;&oacute; en todas las demandas. Esto lo realizamos con responsabilidad ya que respetamos la voluntad popular&rdquo;.<\/p>\n<p class=\"m_-8504110670169132988gmail-msonospacing\">En su alocuci&oacute;n nombro muchas de las herramientas que han sido propuestas desde el Ejecutivo y las calific&oacute; de importantes para lograr llevar adelante desde el Gobierno Provincial. Pero expuso que la alianza Cambiemos influye en nuestra Provincia ya que esto genera un desequilibrio y de esta forma se han tomado una serie de medidas que han sido muchas veces devastadoras para la clase trabajadora.<\/p>\n<p class=\"m_-8504110670169132988gmail-msonospacing\">En cuanto a propuestas concretas que est&eacute;n destinadas a los productores, Brancato expuso: &ldquo;No hay una pol&iacute;tica activa para los agricultores, para el desarrollo. Sabemos que esto no ha sucedido. Ahora pero es necesario que esto est&eacute; contemplado ya que hoy es el momento de aportar con esp&iacute;ritu cr&iacute;tico&rdquo;.<\/p>\n<p class=\"m_-8504110670169132988gmail-msonospacing\">Al finalizar, el senador coment&oacute; que &ldquo;no hay escusa de la herencia recibida, los mendocinos necesitamos resultados&rdquo;, afirm&oacute;.<\/p>\n<p class=\"m_-8504110670169132988gmail-msonospacing\">A su turno, el senador Guillermo Amstutz del bloque Unidad Popular realiz&oacute; un breve an&aacute;lisis de algunos n&uacute;meros que est&aacute;n incorporados en el Presupuesto 2017, compar&aacute;ndolos con presupuestos anteriores. &ldquo;Quiero plantear algunas consideraciones para que sean incorporadas al proyecto o que puedan ser evaluadas y a&ntilde;adidas a otros proyectos&rdquo;.<\/p>\n<p class=\"m_-8504110670169132988gmail-msonospacing\">Su an&aacute;lisis&nbsp; se centr&oacute; en brindar datos y hacer algunas consideraciones en cuanto al d&eacute;ficit operativo, la pauta salarial, tarifa el&eacute;ctrica, salas de 4, situaci&oacute;n de los trabajadores de juegos y casinos, actividades econ&oacute;micas vinculadas a la industria de la construcci&oacute;n bajo esquemas de cr&eacute;ditos que tiene el Fondo para la Transformaci&oacute;n y el Crecimiento, entre otros.<\/p>\n<p class=\"m_-8504110670169132988gmail-msonospacing\">Finalizando su alocuci&oacute;n, el senador del Bloque Unidad Popular adelant&oacute; que va a acompa&ntilde;ar y apoyar la iniciativa presentada por el Ejecutivo.<\/p>\n<p>En tanto, el senador Luis B&ouml;hm adelant&oacute; que acompa&ntilde;ar&aacute; el proyecto de Presupuesto en general y fundament&oacute; su postura ya que lo consider&oacute; como &ldquo;menos da&ntilde;ino que dar un cheque en blanco. Adem&aacute;s asegur&oacute; que cuando el proyecto sea votado en particular votar&aacute; de manera negativa a los cinco puntos que tienen que ver con el endeudamiento&rdquo;.<\/p>\n<p>Tambi&eacute;n hicieron sus aportes los senadores Juan Agulles, Mario Lingua y Gustavo Arenas y las senadoras Mar&iacute;a Jos&eacute; Ubaldini, Claudia Najul y Patricia Fadel quienes votaron a favor del proyecto pero manifestaron algunas diferencias con los art&iacute;culos sobre el endeudamiento.<\/p>\n<p class=\"m_-8504110670169132988gmail-msonospacing\"><strong>Datos sobre el Presupuesto 2017&nbsp;<\/strong><\/p>\n<p class=\"m_-8504110670169132988gmail-msonospacing\">La iniciativa del Poder Ejecutivo prev&eacute; ingresos totales por $ 62.877.831.200 y egresos totales por $ 66.957.747.74. Se establece en $ 3.877.000.000 las erogaciones para amortizaci&oacute;n y ajuste de la deuda consolidada, y se estima un Financiamiento Neto Total &nbsp;que asciende a $ 4.079.916.545.<\/p>\n<p class=\"m_-8504110670169132988gmail-msonospacing\">En lo que hace precisamente a las normas sobre deudas, se faculta al Poder Ejecutivo a hacer uso del cr&eacute;dito por hasta la suma de $ 3.787.078.689 en virtud de las necesidades de financiamiento neto. Dicho financiamiento ser&aacute; destinado a cubrir erogaciones de capital previstas en la presente ley,&nbsp; priorizando la ejecuci&oacute;n de trabajos p&uacute;blicos, construcci&oacute;n de viviendas, capitalizaci&oacute;n del Fondo para la Transformaci&oacute;n y el Crecimiento, obras de agua y saneamiento, equipamiento para la prestaci&oacute;n de los servicios p&uacute;blicos y para el pago de intereses de la deuda por hasta la suma de mil millones de pesos.<\/p>\n<p class=\"m_-8504110670169132988gmail-msonospacing\">Adem&aacute;s dispone que el Instituto Provincial de Juegos y Casinos transferir&aacute; a la Administraci&oacute;n Central la suma de hasta $ 250.000.000 de sus utilidades, anuales, l&iacute;quidas y realizadas, en remesas mensuales para las Jurisdicciones, con el financiamiento, destinos y porcentajes que fij&oacute; el Art&iacute;culo 30 de la Ley 8701.<\/p>\n<p class=\"m_-8504110670169132988gmail-msonospacing\">El proyecto tambi&eacute;n prev&eacute; tambi&eacute;n afectar 65% de la Tasa de Justicia para atender a gastos de funcionamiento de la Suprema Corte de Justicia y el 35 % para el Ministerio P&uacute;blico Fiscal.<\/p>\n<p class=\"m_-8504110670169132988gmail-msonospacing\">Asimismo, se afecta al Ministerio P&uacute;blico Fiscal el 100 % de la recaudaci&oacute;n obtenida en conceptos de estudios y pericias forenses realizados por el Cuerpo M&eacute;dico Forense, para la compra de insumos o bienes de capital para este laboratorio y capacitaci&oacute;n de su personal.<\/p>\n<p class=\"m_-8504110670169132988gmail-msonospacing\">Entre otros conceptos, se autoriza a la Secretar&iacute;a de Servicios P&uacute;blicos a transferir hasta la suma de 120 millones de pesos para AySAM S.A.P.E.M., as&iacute; como tambi&eacute;n al Ministerio de Econom&iacute;a, Infraestructura y Energ&iacute;a, quien podr&aacute; transferir hasta la suma de 541 millones de pesos al Instituto Provincial de la Vivienda, en la medida que presupuestaria y financieramente sea factible.<\/p>\n<p class=\"m_-8504110670169132988gmail-msonospacing\">Se destinar&aacute; del presupuesto total, el 38% a la Direcci&oacute;n General de Escuelas, mientras que el 21% al Ministerio de Salud y el 14% a Seguridad. Esto implica que m&aacute;s del 73% est&aacute; asignado a las &aacute;reas m&aacute;s sensibles del Estado provincial, seg&uacute;n expresan los fundamentos del proyecto.<\/p>\n<p class=\"m_-8504110670169132988gmail-msonospacing\">En cuanto al apoyo que se brindar&aacute; al presupuestario en Infraestructura Educativa, durante el 2017 la Provincia destinar&aacute; el 185% m&aacute;s de lo que se consign&oacute; respecto al a&ntilde;o 2016, y esto servir&aacute; para construir nuevos establecimientos educativos.<\/p>\n<p class=\"m_-8504110670169132988gmail-msonospacing\">Adem&aacute;s se transferir&aacute;n fondos del IPV, al sectores productivo para que sean destinados a la lucha antigranizo (alrededor de 70 millones de pesos); al ISCAMEN, unos 80 millones para la liberaci&oacute;n de Mosca y al monitoreo de la polilla de la vid; a la capitalizaci&oacute;n del Fondo para la Transformaci&oacute;n y el Crecimiento; etc.<\/p>\n<\/body><\/html>\n","protected":false},"excerpt":{"rendered":"El Senado de Mendoza aprob\u00f3 hoy el proyecto de Ley de Presupuesto que establece la pauta de gastos y recursos de la provincia para el ejercicio fiscal 2017. La votaci\u00f3n result\u00f3 con 35 votos a favor y 2 en contra en general. Ahora el Ejecutivo deber\u00e1 promulgarla.","protected":false},"author":63,"featured_media":73551,"comment_status":"open","ping_status":"open","sticky":false,"template":"","format":"standard","meta":[],"categories":[1786],"tags":[],"_links":{"self":[{"href":"https:\/\/www.mendoza.gov.ar\/prensa\/wp-json\/wp\/v2\/posts\/73550"}],"collection":[{"href":"https:\/\/www.mendoza.gov.ar\/prensa\/wp-json\/wp\/v2\/posts"}],"about":[{"href":"https:\/\/www.mendoza.gov.ar\/prensa\/wp-json\/wp\/v2\/types\/post"}],"author":[{"embeddable":true,"href":"https:\/\/www.mendoza.gov.ar\/prensa\/wp-json\/wp\/v2\/users\/63"}],"replies":[{"embeddable":true,"href":"https:\/\/www.mendoza.gov.ar\/prensa\/wp-json\/wp\/v2\/comments?post=73550"}],"version-history":[{"count":0,"href":"https:\/\/www.mendoza.gov.ar\/prensa\/wp-json\/wp\/v2\/posts\/73550\/revisions"}],"wp:featuredmedia":[{"embeddable":true,"href":"https:\/\/www.mendoza.gov.ar\/prensa\/wp-json\/wp\/v2\/media\/73551"}],"wp:attachment":[{"href":"https:\/\/www.mendoza.gov.ar\/prensa\/wp-json\/wp\/v2\/media?parent=73550"}],"wp:term":[{"taxonomy":"category","embeddable":true,"href":"https:\/\/www.mendoza.gov.ar\/prensa\/wp-json\/wp\/v2\/categories?post=73550"},{"taxonomy":"post_tag","embeddable":true,"href":"https:\/\/www.mendoza.gov.ar\/prensa\/wp-json\/wp\/v2\/tags?post=73550"}],"curies":[{"name":"wp","href":"https:\/\/api.w.org\/{rel}","templated":true}]}}