{"id":75331,"date":"2016-12-13T08:32:01","date_gmt":"2016-12-13T11:32:01","guid":{"rendered":"http:\/\/prensa.mendoza.gov.ar\/?p=75331"},"modified":"2016-12-13T08:32:01","modified_gmt":"2016-12-13T11:32:01","slug":"discapacidad-1o-primeras-jornadas-provinciales-de-promocion-y-actualizacion","status":"publish","type":"post","link":"https:\/\/www.mendoza.gov.ar\/prensa\/discapacidad-1o-primeras-jornadas-provinciales-de-promocion-y-actualizacion\/","title":{"rendered":"Discapacidad: Primeras Jornadas Provinciales de Promoci\u00f3n y Actualizaci\u00f3n"},"content":{"rendered":"<!DOCTYPE html PUBLIC \"-\/\/W3C\/\/DTD HTML 4.0 Transitional\/\/EN\" \"http:\/\/www.w3.org\/TR\/REC-html40\/loose.dtd\">\n<html><body><div id=\"m_-1524864936949203780yui_3_16_0_ym19_1_1481566027396_8153\" style=\"text-align: left\" align=\"CENTER\">\n<p>Bajo el lema &ldquo;Conquistando calidad de vida y ejercicio de ciudadan&iacute;a&rdquo;, se desarrollar&aacute;n dos d&iacute;as de exposiciones y debates acerca de la participaci&oacute;n activa de las personas con discapacidad en diferentes &aacute;mbitos de la sociedad.<\/p>\n<p>La Direcci&oacute;n de Atenci&oacute;n a Personas con Discapacidad de Mendoza organiza el evento junto a OSEP, con el auspicio de la Universidad Nacional de Cuyo y la colaboraci&oacute;n de la Comisi&oacute;n Nacional de Discapacidad (Conadis), el Consejo Provincial de las Personas con Discapacidad y la Defensor&iacute;a de las Personas con Discapacidad.<\/p>\n<p>La apertura ser&aacute; hoy,&nbsp;martes 13, a las 9, en la sala El Plumerillo del Centro de Congresos y Exposiciones y contar&aacute; con la presencia del director general de OSEP, Sergio Vergara.<\/p>\n<p>Expondr&aacute;n profesionales del pa&iacute;s y del extranjero, entre ellos el antrop&oacute;logo colombiano Jorge Colmenares, la profesora M&oacute;nica Castilla, la doctora Milagros Noli y otros profesionales y t&eacute;cnicos que desde sus competencias acad&eacute;micas proponen impulsar la reflexi&oacute;n y el debate sobre acciones concretas que contemplen los derechos de las personas con discapacidad.<\/p>\n<p>Los ejes tem&aacute;ticos son los siguientes:<\/p>\n<ul>\n<li>Discapacidad y diversidad funcional.<\/li>\n<li>Participaci&oacute;n ciudadana.<\/li>\n<li>Acceder para participar.<\/li>\n<li>Vida independiente.<\/li>\n<\/ul>\n<p>En alusi&oacute;n al esp&iacute;ritu de la Convenci&oacute;n que se&ntilde;ala entre las obligaciones generales que &ldquo;los Estados partes se comprometen a asegurar y promover el pleno ejercicio de todos los derechos humanos y las libertades fundamentales de las personas con discapacidad sin discriminaci&oacute;n alguna por motivos de discapacidad&rdquo;.<\/p>\n<p>Se invita a todos los interesados a ser parte de este encuentro que pretende ser el disparador de muchos otros para hacer visible una integraci&oacute;n de todos los sectores de la sociedad, incluido por supuesto el de las personas con discapacidad.<\/p>\n<p>El evento es abierto y gratuito y requiere de inscripci&oacute;n previa en el siguiente sitio:<\/p>\n<p>\/\/<a href=\"https:\/\/docs.google.com\/forms\/d\/e\/1FAIpQLSeHUKjuz9hPXIYT3zxWfd5F_EVdcdCMIE9oMT2sfFMe_yCP2A\/viewform?c=0&amp;w=1\">docs.google.com\/forms\/d\/e\/1FAIpQLSeHUKjuz9hPXIYT3zxWfd5F_EVdcdCMIE9oMT2sfFMe_yCP2A\/viewform?c=0&amp;w=1<\/a><\/p>\n<p>&nbsp;<\/p>\n<\/div>\n<\/body><\/html>\n","protected":false},"excerpt":{"rendered":"El 13 y 14 de diciembre, OSEP participa en las Primeras Jornadas Provinciales de Promoci\u00f3n y Actualizaci\u00f3n que se realizan en conmemoraci\u00f3n al d\u00e9cimo aniversario de la Convenci\u00f3n sobre los Derechos de las Personas con Discapacidad.","protected":false},"author":61,"featured_media":0,"comment_status":"open","ping_status":"open","sticky":false,"template":"","format":"standard","meta":[],"categories":[30],"tags":[],"_links":{"self":[{"href":"https:\/\/www.mendoza.gov.ar\/prensa\/wp-json\/wp\/v2\/posts\/75331"}],"collection":[{"href":"https:\/\/www.mendoza.gov.ar\/prensa\/wp-json\/wp\/v2\/posts"}],"about":[{"href":"https:\/\/www.mendoza.gov.ar\/prensa\/wp-json\/wp\/v2\/types\/post"}],"author":[{"embeddable":true,"href":"https:\/\/www.mendoza.gov.ar\/prensa\/wp-json\/wp\/v2\/users\/61"}],"replies":[{"embeddable":true,"href":"https:\/\/www.mendoza.gov.ar\/prensa\/wp-json\/wp\/v2\/comments?post=75331"}],"version-history":[{"count":0,"href":"https:\/\/www.mendoza.gov.ar\/prensa\/wp-json\/wp\/v2\/posts\/75331\/revisions"}],"wp:attachment":[{"href":"https:\/\/www.mendoza.gov.ar\/prensa\/wp-json\/wp\/v2\/media?parent=75331"}],"wp:term":[{"taxonomy":"category","embeddable":true,"href":"https:\/\/www.mendoza.gov.ar\/prensa\/wp-json\/wp\/v2\/categories?post=75331"},{"taxonomy":"post_tag","embeddable":true,"href":"https:\/\/www.mendoza.gov.ar\/prensa\/wp-json\/wp\/v2\/tags?post=75331"}],"curies":[{"name":"wp","href":"https:\/\/api.w.org\/{rel}","templated":true}]}}