{"id":75399,"date":"2016-12-13T14:47:52","date_gmt":"2016-12-13T17:47:52","guid":{"rendered":"http:\/\/prensa.mendoza.gov.ar\/?p=75399"},"modified":"2016-12-13T14:47:52","modified_gmt":"2016-12-13T17:47:52","slug":"el-gobierno-destinara-60-millones-anuales-para-asistir-a-usuarios-de-riego-agricola","status":"publish","type":"post","link":"https:\/\/www.mendoza.gov.ar\/prensa\/el-gobierno-destinara-60-millones-anuales-para-asistir-a-usuarios-de-riego-agricola\/","title":{"rendered":"El Gobierno destinar\u00e1 60 millones anuales para asistir a usuarios de riego agr\u00edcola"},"content":{"rendered":"<!DOCTYPE html PUBLIC \"-\/\/W3C\/\/DTD HTML 4.0 Transitional\/\/EN\" \"http:\/\/www.w3.org\/TR\/REC-html40\/loose.dtd\">\n<html><body><p>El secretario de Servicios P&uacute;blicos, Sergio Marinelli y el subsecretario de Agricultura y Ganader&iacute;a, Alfredo Aciar anunciaron adecuaciones en la tarifa el&eacute;ctrica para los usuarios de riego agr&iacute;cola.<br>\nEl Gobierno destinar&aacute; 60 millones de pesos anuales, provenientes del Fondo Compensador de Tarifas El&eacute;ctricas, para asistir a unos 3000 productores que tengan hasta 50 hect&aacute;reas en producci&oacute;n.<\/p>\n<p>El objetivo es arbitrar medidas urgentes para mitigar la incidencia que han tenido las adecuaciones tarifarias sobre los productores agr&iacute;colas que, seg&uacute;n coment&oacute; Aciar, implicaba &ldquo;un incremento en el gasto agregado de 150 millones de pesos, que los productores mendocinos ten&iacute;an que pagar por el incremento de la tarifa&rdquo;.<\/p>\n<p>La nueva disposici&oacute;n otorga un mayor beneficio a los usuarios con sistemas de riego que realicen un uso energ&eacute;tico intensivo o aquellos sin derecho a riego superficial, estableciendo mejoras en la eficiencia del uso de la energ&iacute;a vinculada al riego agr&iacute;cola a efectos de promover la sustentabilidad del sistema de distribuci&oacute;n el&eacute;ctrica de la provincia de Mendoza.<\/p>\n<p>&ldquo;Es un factor de estabilizaci&oacute;n. Quien riega, lo hace por 6 meses y despu&eacute;s el resto del a&ntilde;o no tiene explotaci&oacute;n, entonces durante esos 6 meses paga una mayor factura. Entonces aquel productor que quiera, de manera voluntaria, puede utilizar lo que se denomina &ldquo;factor de estabilizaci&oacute;n&rdquo;, que podr&aacute; optar por pagar durante todos los meses el mismo valor y se va compensando despu&eacute;s de cada bimestre&rdquo;, expres&oacute; el secretario de Servicios P&uacute;blicos Sergio Marinelli.<\/p>\n<p>&ldquo;De los 18 mil productores que hay en Mendoza, la mitad riegan con pozo; este subsidio alcanzar&aacute; a un tercio de ellos, seg&uacute;n los n&uacute;meros que tenemos. De todas maneras vamos a llamar a un reempadronamiento para verificar los beneficiarios del subsidio&rdquo;, detall&oacute; Aciar<\/p>\n<p>Con esta medida se busca retrotraer los aumentos tarifarios que se aplicaron a estos usuarios desde el 1 de diciembre de 2015.<\/p>\n<p>El Gobierno tambi&eacute;n dispuso que, a partir del pr&oacute;ximo per&iacute;odo tarifario, el subsidio econ&oacute;mico de riego agr&iacute;cola sea aplicado exclusivamente para aquellos usuarios que implementen un programa de eficiencia energ&eacute;tica.<\/p>\n<p><a href=\"https:\/\/www.mendoza.gov.ar\/prensa\/wp-content\/uploads\/sites\/23\/FMS_1074.jpg\"><img loading=\"lazy\" class=\"alignnone wp-image-75415 img-responsive center-block\" src=\"https:\/\/www.mendoza.gov.ar\/prensa\/wp-content\/uploads\/sites\/23\/FMS_1074.jpg\" alt=\"\" width=\"650\" height=\"433\"><\/a><\/p>\n<\/body><\/html>\n","protected":false},"excerpt":{"rendered":"El dinero, que proviene del Fondo Provincial Compensador de Tarifas El\u00e9ctricas, beneficiar\u00e1 a quienes tengan explotaciones de hasta 50 hect\u00e1reas en producci\u00f3n.\n\n","protected":false},"author":77,"featured_media":75414,"comment_status":"open","ping_status":"open","sticky":false,"template":"","format":"standard","meta":[],"categories":[1],"tags":[],"_links":{"self":[{"href":"https:\/\/www.mendoza.gov.ar\/prensa\/wp-json\/wp\/v2\/posts\/75399"}],"collection":[{"href":"https:\/\/www.mendoza.gov.ar\/prensa\/wp-json\/wp\/v2\/posts"}],"about":[{"href":"https:\/\/www.mendoza.gov.ar\/prensa\/wp-json\/wp\/v2\/types\/post"}],"author":[{"embeddable":true,"href":"https:\/\/www.mendoza.gov.ar\/prensa\/wp-json\/wp\/v2\/users\/77"}],"replies":[{"embeddable":true,"href":"https:\/\/www.mendoza.gov.ar\/prensa\/wp-json\/wp\/v2\/comments?post=75399"}],"version-history":[{"count":0,"href":"https:\/\/www.mendoza.gov.ar\/prensa\/wp-json\/wp\/v2\/posts\/75399\/revisions"}],"wp:featuredmedia":[{"embeddable":true,"href":"https:\/\/www.mendoza.gov.ar\/prensa\/wp-json\/wp\/v2\/media\/75414"}],"wp:attachment":[{"href":"https:\/\/www.mendoza.gov.ar\/prensa\/wp-json\/wp\/v2\/media?parent=75399"}],"wp:term":[{"taxonomy":"category","embeddable":true,"href":"https:\/\/www.mendoza.gov.ar\/prensa\/wp-json\/wp\/v2\/categories?post=75399"},{"taxonomy":"post_tag","embeddable":true,"href":"https:\/\/www.mendoza.gov.ar\/prensa\/wp-json\/wp\/v2\/tags?post=75399"}],"curies":[{"name":"wp","href":"https:\/\/api.w.org\/{rel}","templated":true}]}}