{"id":75429,"date":"2016-12-13T17:38:01","date_gmt":"2016-12-13T20:38:01","guid":{"rendered":"http:\/\/prensa.mendoza.gov.ar\/?p=75429"},"modified":"2016-12-13T17:38:01","modified_gmt":"2016-12-13T20:38:01","slug":"osep-cierra-los-talleres-de-adulto-mayor-2016-en-maipu","status":"publish","type":"post","link":"https:\/\/www.mendoza.gov.ar\/prensa\/osep-cierra-los-talleres-de-adulto-mayor-2016-en-maipu\/","title":{"rendered":"OSEP cierra los talleres de adulto mayor 2016 en Maip\u00fa"},"content":{"rendered":"<!DOCTYPE html PUBLIC \"-\/\/W3C\/\/DTD HTML 4.0 Transitional\/\/EN\" \"http:\/\/www.w3.org\/TR\/REC-html40\/loose.dtd\">\n<html><body><p>La sede OSEP Maip&uacute; cierra las acciones realizadas a los largo del a&ntilde;o de los talleres de Adulto Mayor y de Diabetes. Para eso ha organizado una reuni&oacute;n de fin de a&ntilde;o para celebrar las fiestas con una merienda saludable.<\/p>\n<p>El encuentro se realizar&aacute; ma&ntilde;ana de 9.30 a 13 en el Centro Cultural &ldquo;Casa Do&ntilde;a Paula&rdquo; de calle Pescara al 500 de Maip&uacute; y est&aacute;n invitados los afiliados de la Obra Social que participaron de los talleres y sus familiares.<\/p>\n<p>Este evento significa la conclusi&oacute;n de un a&ntilde;o lleno de actividades de los talleres en los cuales los m&aacute;s importantes fueron los desarrollados durante la semana de la Diabetes. Durante esos d&iacute;as se realizaron charlas, medici&oacute;n de glucemia, presi&oacute;n, toma de peso y talla, con la intenci&oacute;n de promocionar y difundir acerca de que es la enfermedad de la diabetes y los cuidados que se deben tener en cuenta.<\/p>\n<p>Para m&aacute;s informaci&oacute;n sobre el encuentro de fin de a&ntilde;o acercarse a la sede de OSEP Maip&uacute; en&nbsp;Ozamis 211 o comunicarse&nbsp;a los tel&eacute;fonos 4972171 y 4814595.<\/p>\n<\/body><\/html>\n","protected":false},"excerpt":{"rendered":"Este encuentro tiene como objetivo analizar las actividades que se han brindado a lo largo del a\u00f1o. Ser\u00e1 ma\u00f1ana a las 9:30 en el Centro Cultural \u201cCasa Do\u00f1a Paula\u201d en calle Pescara al 500.","protected":false},"author":68,"featured_media":75504,"comment_status":"open","ping_status":"open","sticky":false,"template":"","format":"standard","meta":[],"categories":[30],"tags":[],"_links":{"self":[{"href":"https:\/\/www.mendoza.gov.ar\/prensa\/wp-json\/wp\/v2\/posts\/75429"}],"collection":[{"href":"https:\/\/www.mendoza.gov.ar\/prensa\/wp-json\/wp\/v2\/posts"}],"about":[{"href":"https:\/\/www.mendoza.gov.ar\/prensa\/wp-json\/wp\/v2\/types\/post"}],"author":[{"embeddable":true,"href":"https:\/\/www.mendoza.gov.ar\/prensa\/wp-json\/wp\/v2\/users\/68"}],"replies":[{"embeddable":true,"href":"https:\/\/www.mendoza.gov.ar\/prensa\/wp-json\/wp\/v2\/comments?post=75429"}],"version-history":[{"count":0,"href":"https:\/\/www.mendoza.gov.ar\/prensa\/wp-json\/wp\/v2\/posts\/75429\/revisions"}],"wp:featuredmedia":[{"embeddable":true,"href":"https:\/\/www.mendoza.gov.ar\/prensa\/wp-json\/wp\/v2\/media\/75504"}],"wp:attachment":[{"href":"https:\/\/www.mendoza.gov.ar\/prensa\/wp-json\/wp\/v2\/media?parent=75429"}],"wp:term":[{"taxonomy":"category","embeddable":true,"href":"https:\/\/www.mendoza.gov.ar\/prensa\/wp-json\/wp\/v2\/categories?post=75429"},{"taxonomy":"post_tag","embeddable":true,"href":"https:\/\/www.mendoza.gov.ar\/prensa\/wp-json\/wp\/v2\/tags?post=75429"}],"curies":[{"name":"wp","href":"https:\/\/api.w.org\/{rel}","templated":true}]}}