{"id":75433,"date":"2016-12-13T17:23:17","date_gmt":"2016-12-13T20:23:17","guid":{"rendered":"http:\/\/prensa.mendoza.gov.ar\/?p=75433"},"modified":"2016-12-13T17:23:17","modified_gmt":"2016-12-13T20:23:17","slug":"concluyeron-los-talleres-de-prevencion-y-promocion-del-envejecimiento-saludable","status":"publish","type":"post","link":"https:\/\/www.mendoza.gov.ar\/prensa\/concluyeron-los-talleres-de-prevencion-y-promocion-del-envejecimiento-saludable\/","title":{"rendered":"Concluyeron los talleres de \u201cPrevenci\u00f3n y Promoci\u00f3n del Envejecimiento Saludable\u201d"},"content":{"rendered":"<!DOCTYPE html PUBLIC \"-\/\/W3C\/\/DTD HTML 4.0 Transitional\/\/EN\" \"http:\/\/www.w3.org\/TR\/REC-html40\/loose.dtd\">\n<html><body><p>El director General de la Obra Social particip&oacute; del cierre de los talleres de Envejecimiento Saludable, que coordina la doctora Paula Fachinelli y promueve el Departamento de Gesti&oacute;n de Pol&iacute;ticas Sociales para el Adulto Mayor, a cargo de la licenciada Viviana Lasagni.<\/p>\n<p>Estas actividades se realizan todas las semanas en el edificio Xeltahuina y su objetivo es ampliar la red de contenci&oacute;n de los mayores y favorecer su socializaci&oacute;n a fin de disminuir sentimientos de soledad y angustia. Adem&aacute;s, permite incorporar nuevos aprendizajes y conocer el patrimonio cultural de la provincia ya que todos los meses se realizan excursiones y salidas sociorecreativas a distintos lugares emblem&aacute;ticos de Mendoza.<\/p>\n<p>Para el titular de OSEP, se trata de un espacio propio para los adultos mayores de la Obra Social desde donde &ldquo;contribuimos a su bienestar psicof&iacute;sicosocial, a una vejez saludable y en las mejores condiciones posibles&rdquo;.<\/p>\n<p>Vergara agradeci&oacute; la participaci&oacute;n y el esfuerzo de los afiliados y destac&oacute; el accionar del equipo de profesionales que trabajan en el &aacute;rea.<\/p>\n<p>Cabe destacar que, desde marzo, los asistentes adem&aacute;s de participar de distintos talleres, han realizado visitas guiadas a la Bodega L&oacute;pez, Teatro Independencia, Acuario Municipal, Memorial de la Bandera y los museos Cornelio Moyano, Ferroviario, Hist&oacute;rico Cuyano, &Aacute;rea Fundacional y de la Educaci&oacute;n.<\/p>\n<p>Los participantes agasajaron por &uacute;ltimo al equipo interdisciplinario de profesionales y compartieron un &aacute;gape.<\/p>\n<p>Para obtener m&aacute;s informaci&oacute;n sobre las actividades del &nbsp;Departamento de Gesti&oacute;n de Pol&iacute;ticas Sociales para el Adulto Mayor, los interesados deben concurrir a Rondeau 322, Ciudad. Tel&eacute;fono: 4615105<\/p>\n<\/body><\/html>\n","protected":false},"excerpt":{"rendered":"Fue con un acto que se realiz\u00f3 en el edificio Xeltahuina, Salta 877, de Ciudad y que cont\u00f3 con una gran concurrencia de adultos mayores. Hubo un espect\u00e1culo musical a cargo del Coro de OSEP, m\u00e1s un n\u00famero de rap y otro de humor, preparados por un grupo de participantes de estos talleres. ","protected":false},"author":63,"featured_media":75506,"comment_status":"open","ping_status":"open","sticky":false,"template":"","format":"standard","meta":[],"categories":[30],"tags":[],"_links":{"self":[{"href":"https:\/\/www.mendoza.gov.ar\/prensa\/wp-json\/wp\/v2\/posts\/75433"}],"collection":[{"href":"https:\/\/www.mendoza.gov.ar\/prensa\/wp-json\/wp\/v2\/posts"}],"about":[{"href":"https:\/\/www.mendoza.gov.ar\/prensa\/wp-json\/wp\/v2\/types\/post"}],"author":[{"embeddable":true,"href":"https:\/\/www.mendoza.gov.ar\/prensa\/wp-json\/wp\/v2\/users\/63"}],"replies":[{"embeddable":true,"href":"https:\/\/www.mendoza.gov.ar\/prensa\/wp-json\/wp\/v2\/comments?post=75433"}],"version-history":[{"count":0,"href":"https:\/\/www.mendoza.gov.ar\/prensa\/wp-json\/wp\/v2\/posts\/75433\/revisions"}],"wp:featuredmedia":[{"embeddable":true,"href":"https:\/\/www.mendoza.gov.ar\/prensa\/wp-json\/wp\/v2\/media\/75506"}],"wp:attachment":[{"href":"https:\/\/www.mendoza.gov.ar\/prensa\/wp-json\/wp\/v2\/media?parent=75433"}],"wp:term":[{"taxonomy":"category","embeddable":true,"href":"https:\/\/www.mendoza.gov.ar\/prensa\/wp-json\/wp\/v2\/categories?post=75433"},{"taxonomy":"post_tag","embeddable":true,"href":"https:\/\/www.mendoza.gov.ar\/prensa\/wp-json\/wp\/v2\/tags?post=75433"}],"curies":[{"name":"wp","href":"https:\/\/api.w.org\/{rel}","templated":true}]}}