{"id":75439,"date":"2016-12-13T18:49:23","date_gmt":"2016-12-13T21:49:23","guid":{"rendered":"http:\/\/prensa.mendoza.gov.ar\/?p=75439"},"modified":"2016-12-13T18:49:23","modified_gmt":"2016-12-13T21:49:23","slug":"mision-institucional-exploro-nuevas-posibilidades-de-exportacion-a-rio-grande-do-sul","status":"publish","type":"post","link":"https:\/\/www.mendoza.gov.ar\/prensa\/mision-institucional-exploro-nuevas-posibilidades-de-exportacion-a-rio-grande-do-sul\/","title":{"rendered":"Misi\u00f3n institucional explor\u00f3 nuevas posibilidades de exportaci\u00f3n a Rio Grande Do Sul"},"content":{"rendered":"<!DOCTYPE html PUBLIC \"-\/\/W3C\/\/DTD HTML 4.0 Transitional\/\/EN\" \"http:\/\/www.w3.org\/TR\/REC-html40\/loose.dtd\">\n<html><body><p>Encabezada por el subsecretario de Industria y Comercio, Guillermo Cruz, la misi&oacute;n cont&oacute; con la participaci&oacute;n de Pedro Bizzotto, presidente de ASINMET, Jer&oacute;nimo Vargas, Vicepresidente del Polo Tic, y Nicol&aacute;s Piazza, del &Aacute;rea de Negociaciones Internacionales de ProMendoza.<\/p>\n<p>Durante las jornadas de trabajo se realizaron reuniones con diversos funcionarios y representantes de c&aacute;maras empresariales del estado brasile&ntilde;o. Entre las mismas se destacan los encuentros con el secretario de Estado para el Desarrollo Econ&oacute;mico, Ciencia y Tecnolog&iacute;a, Fabio de Oliveira Branco; el secretario de Estado para la Agricultura, Pesca e Irrigaci&oacute;n, Ernani Polo; Carlos Paviani del Instituto Brasilero del Vino, IBRAVIN; Luciano D&rsquo;Andrea y Marcos Oderich de la Federaci&oacute;n de Industrias del Estado de Rio Grande Do Sul, FIERGS; entre otros.<\/p>\n<p>En estas reuniones se estudiaron las posibilidades y las potencialidades que tienen los sectores productivos de Rio Grande y Mendoza para asociarse y complementarse. De esta manera se analizaron las potencialidades que poseen la metalmec&aacute;nica, la olivicultura, la industria del software, la fruta industrializada, el ajo y las frutas en fresco, para desarrollarse en el mercado de Brasil y generar procesos de asociaci&oacute;n con sus productores e industriales.<\/p>\n<p>Con la colaboraci&oacute;n de Canciller&iacute;a, se organizaron reuniones con el equipo de la Embajada argentina en Brasil y con el Consulado General de Argentina en Porto Alegre, con el fin de analizar la promoci&oacute;n comercial de nuestros productos en el vecino pa&iacute;s y aumentar nuestras exportaciones.<\/p>\n<p>Asimismo se visitaron las instalaciones del Centro Tecnol&oacute;gico de la Pontificia Universidad de Rio Grande Do Sul, TecnoPUC, para conocer su funcionamiento y abrir canales de intercambio y cooperaci&oacute;n con el Parque TIC Mendoza.<\/p>\n<p>Como primer resultado de esta misi&oacute;n el Gobernador de Rio Grande do Sul,&nbsp;&nbsp;Jos&eacute; Ivo&nbsp;Sartori, visitar&aacute; a Cornejo en febrero con el fin de firmar el acuerdo de complementaci&oacute;n econ&oacute;mica.<\/p>\n<p>La visita de Sartori, ser&aacute; acompa&ntilde;ada por representantes de las c&aacute;maras empresariales y empresarios del estado con el fin de cerrar acuerdos de coordinaci&oacute;n y cooperaci&oacute;n con sus contrapartes mendocinas.<\/p>\n<p>Como conclusi&oacute;n de esta visita el subsecretario Cruz expres&oacute;, &ldquo;Acciones como las desarrolladas en Rio Grande facilitan una mejora en la&nbsp;&nbsp;internacionalizaci&oacute;n de la econom&iacute;a de Mendoza. A su vez que el fortalecimiento de las relaciones entre ambas ciudades, fortalece al MERCOSUR, debido a que permite que dos regiones con similares perfiles productivos cooperen en la b&uacute;squeda m&aacute;s y mejores puestos de trabajo para sus ciudadanos&rdquo;.<\/p>\n<\/body><\/html>\n","protected":false},"excerpt":{"rendered":"Representantes del Gobierno provincial y ProMendoza estuvieron en la ciudad de Porto Alegre, Brasil, para definir detalles de un acuerdo de complementaci\u00f3n econ\u00f3mica .","protected":false},"author":68,"featured_media":75500,"comment_status":"open","ping_status":"open","sticky":false,"template":"","format":"standard","meta":[],"categories":[1],"tags":[],"_links":{"self":[{"href":"https:\/\/www.mendoza.gov.ar\/prensa\/wp-json\/wp\/v2\/posts\/75439"}],"collection":[{"href":"https:\/\/www.mendoza.gov.ar\/prensa\/wp-json\/wp\/v2\/posts"}],"about":[{"href":"https:\/\/www.mendoza.gov.ar\/prensa\/wp-json\/wp\/v2\/types\/post"}],"author":[{"embeddable":true,"href":"https:\/\/www.mendoza.gov.ar\/prensa\/wp-json\/wp\/v2\/users\/68"}],"replies":[{"embeddable":true,"href":"https:\/\/www.mendoza.gov.ar\/prensa\/wp-json\/wp\/v2\/comments?post=75439"}],"version-history":[{"count":0,"href":"https:\/\/www.mendoza.gov.ar\/prensa\/wp-json\/wp\/v2\/posts\/75439\/revisions"}],"wp:featuredmedia":[{"embeddable":true,"href":"https:\/\/www.mendoza.gov.ar\/prensa\/wp-json\/wp\/v2\/media\/75500"}],"wp:attachment":[{"href":"https:\/\/www.mendoza.gov.ar\/prensa\/wp-json\/wp\/v2\/media?parent=75439"}],"wp:term":[{"taxonomy":"category","embeddable":true,"href":"https:\/\/www.mendoza.gov.ar\/prensa\/wp-json\/wp\/v2\/categories?post=75439"},{"taxonomy":"post_tag","embeddable":true,"href":"https:\/\/www.mendoza.gov.ar\/prensa\/wp-json\/wp\/v2\/tags?post=75439"}],"curies":[{"name":"wp","href":"https:\/\/api.w.org\/{rel}","templated":true}]}}