{"id":75636,"date":"2016-12-15T13:04:47","date_gmt":"2016-12-15T16:04:47","guid":{"rendered":"http:\/\/prensa.mendoza.gov.ar\/?p=75636"},"modified":"2016-12-15T13:04:47","modified_gmt":"2016-12-15T16:04:47","slug":"el-gobierno-presento-un-documento-respecto-de-la-revision-tarifaria-integral-del-servicio-electrico","status":"publish","type":"post","link":"https:\/\/www.mendoza.gov.ar\/prensa\/el-gobierno-presento-un-documento-respecto-de-la-revision-tarifaria-integral-del-servicio-electrico\/","title":{"rendered":"El Gobierno present\u00f3 un documento sobre la revisi\u00f3n tarifaria integral del servicio el\u00e9ctrico"},"content":{"rendered":"<!DOCTYPE html PUBLIC \"-\/\/W3C\/\/DTD HTML 4.0 Transitional\/\/EN\" \"http:\/\/www.w3.org\/TR\/REC-html40\/loose.dtd\">\n<html><body><p>El Gobierno, representado en esta ocasi&oacute;n por el secretario de Servicios P&uacute;blicos, Sergio Marinelli, solicit&oacute; al Ente Nacional Regulador de la Electricidad (ENRE) que considere la ampliaci&oacute;n de criterios para acceder a la Tarifa Social, permitiendo que puedan ingresar a este beneficio las entidades esenciales, como sucedi&oacute; con la tarifa del gas.<\/p>\n<p>El ENRE convoc&oacute; a esta nueva audiencia p&uacute;blica para tratar los siguientes temas:<\/p>\n<p>-Los precios de referencia estacionales en el Mercado El&eacute;ctrico Mayorista (MEM).<\/p>\n<p>-El plan de est&iacute;mulo al ahorro de energ&iacute;a.<\/p>\n<p>-La tarifa social para los usuarios que la necesiten.<\/p>\n<p>-La propuesta tarifaria.<\/p>\n<p><strong>Puntos destacados del documento<\/strong><\/p>\n<p>&ndash; Que el ENRE analice las propuestas de las dos empresas transportistas, teniendo en cuenta costos eficientes y que no sean excesivos, ya que afectar&iacute;an directamente al usuario.<\/p>\n<p>&ndash; Que los &nbsp;aumentos tengan relaci&oacute;n con la prestaci&oacute;n del servicio.<\/p>\n<p>&ndash; Que se ampl&iacute;e el acceso de beneficiarios a la Tarifa Social, como&nbsp;ocurri&oacute; con la tarifa del gas (hoy s&oacute;lo acceden a este beneficio los usuarios residenciales) para usuarios esenciales: centros asistenciales p&uacute;blicos, entidades educativas p&uacute;blicas de cualquier nivel, entidades religiosas que acrediten tal condici&oacute;n, asociaciones civiles sin fines de lucro, asociaciones sindicales, gremiales o mutuales que realicen en el domicilio de consumo actividades de &iacute;ndole social (institutos, comedores comunitarios, centros de recuperaci&oacute;n, etc.), entidades p&uacute;blicas nacionales, provinciales o municipales, en tanto no desempe&ntilde;en actividades comerciales o industriales.<\/p>\n<p>En primer lugar, el Gobierno indica: &ldquo;Dada la celeridad con que el procedimiento de revisi&oacute;n tarifaria ha sido llevado adelante por el ENRE, celeridad justificada por la necesidad de normalizar los precios y tarifas en toda la cadena sectorial el&eacute;ctrica, enfatizamos que no ha habido tiempo suficiente para que, con los recursos disponibles en nuestra jurisdicci&oacute;n, podamos analizar detalladamente la estructura de costos e inversiones presentada por la empresa&rdquo;.<\/p>\n<p>Sin embargo, el Ejecutivo solicit&oacute; al ENRE que al analizar las propuestas presentadas por las empresas que se encargan del transporte de la electricidad tengan en cuenta costos eficientes y razonables atendiendo a la sustentabilidad del servicio. Por su parte, el Ente Provincial Regulador El&eacute;ctrico (EPRE), deber&aacute; realizar un minucioso an&aacute;lisis de los componentes del Requerimiento de Ingresos por parte de las empresas, ya que de aceptarse la propuesta, tendr&iacute;a un considerable impacto en la tarifa local.<\/p>\n<p>En la audiencia, Distrocuyo SA solicit&oacute; que se tenga en cuenta &ldquo;que la cobertura de costos operacionales que se apruebe sea una cobertura de costos eficientes acorde a la realidad y calidad de los servicios prestados; que se privilegien en el Requerimiento de Ingresos que finalmente disponga ese ente; que las necesarias inversiones de reposici&oacute;n y modernizaci&oacute;n de equipamiento ya obsoleto que pone en riesgo el servicio p&uacute;blico en toda la provincia, que se verifique la ausencia total de inclusi&oacute;n de costos de la destacada Actividad No Regulada de esta transportista en los costos reconocidos en las tarifas de transporte, transformaci&oacute;n y conexi&oacute;n; que eventualmente, dada la magnitud alcanzada por la Actividad No Regulada, que suma ingresos que multiplican varias veces los actuales ingresos tarifarios, se separen las bases de capital de ambas actividades, en una nueva revisi&oacute;n de lo dispuesto en la RTI de 1999, y eventualmente se analice y disponga en uso de las facultades regulatorias, la separaci&oacute;n de dichas actividades en empresas diferentes&rdquo;.<\/p>\n<p>Respecto de la propuesta tarifaria de Transener (otra de las transportistas), se&ntilde;ala: &ldquo;El Gobierno de Mendoza afronta para el a&ntilde;o 2017 un costo del servicio de energ&iacute;a el&eacute;ctrica de $181 millones de pesos, con un precio mayorista de la energ&iacute;a fijado para la mayor&iacute;a de sus suministros el&eacute;ctricos en un valor estacional de la energ&iacute;a de $317,09 MW\/H. Sin embargo, el precio actual de generaci&oacute;n en el Mercado El&eacute;ctrico Mayorista (MEM) es de $993MW\/H (a&ntilde;o m&oacute;vil), lo que implica que en caso de disponerse la quita total de subsidios, el costo el&eacute;ctrico podr&iacute;a incrementarse de manera sustancial, afectando significativamente las finanzas p&uacute;blicas y por ende la prestaci&oacute;n de servicios de educaci&oacute;n, salud, seguridad, que resultan indispensables para la comunidad&rdquo;.<\/p>\n<\/body><\/html>\n","protected":false},"excerpt":{"rendered":"Ante la convocatoria del Ente Nacional Regulador de la Electricidad (ENRE), la Provincia dio a conocer su posici\u00f3n a trav\u00e9s de un escrito firmado por el secretario de Servicios P\u00fablicos, Sergio Marinelli.","protected":false},"author":61,"featured_media":75637,"comment_status":"open","ping_status":"open","sticky":false,"template":"","format":"standard","meta":[],"categories":[34],"tags":[],"_links":{"self":[{"href":"https:\/\/www.mendoza.gov.ar\/prensa\/wp-json\/wp\/v2\/posts\/75636"}],"collection":[{"href":"https:\/\/www.mendoza.gov.ar\/prensa\/wp-json\/wp\/v2\/posts"}],"about":[{"href":"https:\/\/www.mendoza.gov.ar\/prensa\/wp-json\/wp\/v2\/types\/post"}],"author":[{"embeddable":true,"href":"https:\/\/www.mendoza.gov.ar\/prensa\/wp-json\/wp\/v2\/users\/61"}],"replies":[{"embeddable":true,"href":"https:\/\/www.mendoza.gov.ar\/prensa\/wp-json\/wp\/v2\/comments?post=75636"}],"version-history":[{"count":0,"href":"https:\/\/www.mendoza.gov.ar\/prensa\/wp-json\/wp\/v2\/posts\/75636\/revisions"}],"wp:featuredmedia":[{"embeddable":true,"href":"https:\/\/www.mendoza.gov.ar\/prensa\/wp-json\/wp\/v2\/media\/75637"}],"wp:attachment":[{"href":"https:\/\/www.mendoza.gov.ar\/prensa\/wp-json\/wp\/v2\/media?parent=75636"}],"wp:term":[{"taxonomy":"category","embeddable":true,"href":"https:\/\/www.mendoza.gov.ar\/prensa\/wp-json\/wp\/v2\/categories?post=75636"},{"taxonomy":"post_tag","embeddable":true,"href":"https:\/\/www.mendoza.gov.ar\/prensa\/wp-json\/wp\/v2\/tags?post=75636"}],"curies":[{"name":"wp","href":"https:\/\/api.w.org\/{rel}","templated":true}]}}