{"id":76005,"date":"2016-12-20T08:50:47","date_gmt":"2016-12-20T11:50:47","guid":{"rendered":"http:\/\/prensa.mendoza.gov.ar\/?p=76005"},"modified":"2016-12-20T08:50:47","modified_gmt":"2016-12-20T11:50:47","slug":"el-miercoles-21-las-oficinas-del-registro-civil-del-sur-permaneceran-cerradas","status":"publish","type":"post","link":"https:\/\/www.mendoza.gov.ar\/prensa\/el-miercoles-21-las-oficinas-del-registro-civil-del-sur-permaneceran-cerradas\/","title":{"rendered":"El mi\u00e9rcoles 21 las oficinas del Registro Civil del sur permanecer\u00e1n cerradas"},"content":{"rendered":"<!DOCTYPE html PUBLIC \"-\/\/W3C\/\/DTD HTML 4.0 Transitional\/\/EN\" \"http:\/\/www.w3.org\/TR\/REC-html40\/loose.dtd\">\n<html><body><p>Este mi&eacute;rcoles 21, las oficinas del Registro&nbsp;Civil de Malarg&uuml;e, San Rafael y General Alvear permanecer&aacute;n cerradas porque los empleados rendir&aacute;n la evaluaci&oacute;n del curso de capacitaci&oacute;n que se dict&oacute; este a&ntilde;o. El jueves 22, funcionar&aacute;n con normalidad.<\/p>\n<p>Las oficinas que permanecer&aacute;n cerradas son:<\/p>\n<p>En San Rafael:<\/p>\n<ul>\n<li>Mitre 11 y&nbsp;Av. Libertador 51 y Mitre, Ciudad.<\/li>\n<li>Gobernador Ortega 342, 25 de Mayo.<\/li>\n<li>Ruta Nacional 143 s\/n, Las Paredes.<\/li>\n<li>Ruta Nacional N&ordm; 144 &ndash; km 671,Cuadro Benegas.<\/li>\n<li>Santa Maria de Oro y Lavalle s\/n.<\/li>\n<li>Cuadro Nacional; Juan Solano Luis 210 &ndash; Barrio Agua y Energ&iacute;a.<\/li>\n<li>El Nihuil; Ruta 143 s\/n, El Sosneado.<\/li>\n<li>Ruta Provincial 160, Goudge.<\/li>\n<li>Comandante Torres 150 en el hospital Schestakow.<\/li>\n<li>Brasil s\/n, Islas Malvinas.<\/li>\n<li>San Mart&iacute;n s\/n, Jaime Prats.<\/li>\n<li>Av. Italia 152, Monte Com&aacute;n.<\/li>\n<li>Av. De Mayo s\/n, Punta de Agua.<\/li>\n<li>Ejercito de los Andes 2000, Rama Ca&iacute;da.<\/li>\n<li>Misiones esquina Santiago del Estero, Real del Padre.<\/li>\n<li>Fray Inalican s\/n oficina Rodolfo Iselin.<\/li>\n<li>Alberdi s\/n, Salto de las Rosas y Sarmiento 265 &ndash; Villa Atuel.<\/li>\n<\/ul>\n<p>En Malarg&uuml;e permanecer&aacute;n cerradas las oficinas:<\/p>\n<ul>\n<li>San Mart&iacute;n 258, Ciudad.<\/li>\n<li>Paraje El Cortaderal, oficina Agua del Toro.<\/li>\n<li>Centro Civico, Agua Escondida.<\/li>\n<li>Centro C&iacute;vico, Bardas Blancas.<\/li>\n<li>Centro Civico, Pata Mora.<\/li>\n<li>Ruta Nacional 40, Ranquil Norte.<\/li>\n<li>Aldeo y Rocca s\/n, en el hospital Regional.<\/li>\n<\/ul>\n<p>En General Alvear, las oficinas son:<\/p>\n<ul>\n<li>Alvear Oeste 540, Ciudad.<\/li>\n<li>Sarmiento 342, Bowen.<\/li>\n<li>Constituci&oacute;n y Laprida, Alvear Oeste.<\/li>\n<li>Emilio Civit 400 y Mitre, Hospital Regional.<\/li>\n<li>San Mart&iacute;n y Emilio Perusset, San Pedro del Atuel.<\/li>\n<\/ul>\n<p>La&nbsp;evaluaci&oacute;n, de car&aacute;cter te&oacute;rico-pr&aacute;ctico, es una instancia m&aacute;s en el curso de capacitaci&oacute;n que recibieron todos los empleados del Registro&nbsp;Civil.<\/p>\n<\/body><\/html>\n","protected":false},"excerpt":{"rendered":"Se debe a que los empleados rendir\u00e1n la evaluaci\u00f3n del curso de capacitaci\u00f3n que se dict\u00f3 este a\u00f1o. El jueves 22 atender\u00e1n normalmente.","protected":false},"author":61,"featured_media":0,"comment_status":"open","ping_status":"open","sticky":false,"template":"","format":"standard","meta":[],"categories":[20],"tags":[],"_links":{"self":[{"href":"https:\/\/www.mendoza.gov.ar\/prensa\/wp-json\/wp\/v2\/posts\/76005"}],"collection":[{"href":"https:\/\/www.mendoza.gov.ar\/prensa\/wp-json\/wp\/v2\/posts"}],"about":[{"href":"https:\/\/www.mendoza.gov.ar\/prensa\/wp-json\/wp\/v2\/types\/post"}],"author":[{"embeddable":true,"href":"https:\/\/www.mendoza.gov.ar\/prensa\/wp-json\/wp\/v2\/users\/61"}],"replies":[{"embeddable":true,"href":"https:\/\/www.mendoza.gov.ar\/prensa\/wp-json\/wp\/v2\/comments?post=76005"}],"version-history":[{"count":0,"href":"https:\/\/www.mendoza.gov.ar\/prensa\/wp-json\/wp\/v2\/posts\/76005\/revisions"}],"wp:attachment":[{"href":"https:\/\/www.mendoza.gov.ar\/prensa\/wp-json\/wp\/v2\/media?parent=76005"}],"wp:term":[{"taxonomy":"category","embeddable":true,"href":"https:\/\/www.mendoza.gov.ar\/prensa\/wp-json\/wp\/v2\/categories?post=76005"},{"taxonomy":"post_tag","embeddable":true,"href":"https:\/\/www.mendoza.gov.ar\/prensa\/wp-json\/wp\/v2\/tags?post=76005"}],"curies":[{"name":"wp","href":"https:\/\/api.w.org\/{rel}","templated":true}]}}