{"id":76073,"date":"2016-12-20T16:00:38","date_gmt":"2016-12-20T19:00:38","guid":{"rendered":"http:\/\/prensa.mendoza.gov.ar\/?p=76073"},"modified":"2016-12-20T16:00:38","modified_gmt":"2016-12-20T19:00:38","slug":"cinco-gremios-aceptaron-la-ayuda-economica-extraordinaria-que-propuso-el-gobierno","status":"publish","type":"post","link":"https:\/\/www.mendoza.gov.ar\/prensa\/cinco-gremios-aceptaron-la-ayuda-economica-extraordinaria-que-propuso-el-gobierno\/","title":{"rendered":"Cinco gremios aceptaron la ayuda econ\u00f3mica extraordinaria que propuso el Gobierno"},"content":{"rendered":"<!DOCTYPE html PUBLIC \"-\/\/W3C\/\/DTD HTML 4.0 Transitional\/\/EN\" \"http:\/\/www.w3.org\/TR\/REC-html40\/loose.dtd\">\n<html><body><p>Esta ma&ntilde;ana se realiz&oacute; la &uacute;ltima audiencia en la Subsecretar&iacute;a de Trabajo y Empleo para&nbsp;reiterar la propuesta de la ayuda econ&oacute;mica extraordinaria, tal como se formul&oacute; el viernes pasado a diversos gremios.<\/p>\n<p>En esta reuni&oacute;n particip&oacute; el &nbsp;personal de la Subsecretar&iacute;a de Trabajo, Administraci&oacute;n de Parques y Zool&oacute;gico, Ente Provincial de Agua y Saneamiento, Fondo de la Transformaci&oacute;n y el Crecimiento y Administraci&oacute;n Central r&eacute;gimen 05.<\/p>\n<p>Ulpiano Su&aacute;rez, subsecretario de Gesti&oacute;n P&uacute;blica y Modernizaci&oacute;n del Estado, coment&oacute;: &ldquo;Los trabajadores nos informaron que, luego de la propuesta, realizaron una asamblea y que por unanimidad decidieron aceptar la ayuda.&nbsp;Por lo tanto, firmamos un acuerdo. Estos sectores han aceptado y adem&aacute;s hemos definido cronogramas de audiencias para ir tratando la propuesta de incremento salarial para 2017&rdquo;.<\/p>\n<p>Tambi&eacute;n el funcionario, resalt&oacute; que &ldquo;cuando los trabajadores tuvieron la oportunidad de expresarse sobre la ayuda econ&oacute;mica extraordinaria propuesta por el Gobierno, fue aceptada por todos, esto es muy positivo. Las audiencias por paritarias comienzan la semana pr&oacute;xima con un cronograma de comisiones para la Administraci&oacute;n Central para r&eacute;gimen 5 y luego, en enero,&nbsp;tendremos audiencias para discutir el porcentaje. Queremos en lo posible cerrarlo antes de febrero ya que el aumento comenzar&iacute;a a regir a partir de ese mes&rdquo;.<\/p>\n<p>Una vez aceptada la ayuda econ&oacute;mica, los trabajadores nucleados en estos sectores&nbsp;van a cobrar el incentivo el 5 de enero, como era la intenci&oacute;n del Gobierno.<\/p>\n<p>&nbsp;<\/p>\n<\/body><\/html>\n","protected":false},"excerpt":{"rendered":"Beneficiar\u00e1 a los trabajadores de la Subsecretar\u00eda de Trabajo, la Administraci\u00f3n de Parques y Zool\u00f3gico, el Ente Provincial de Agua y Saneamiento, el Fondo para la Transformaci\u00f3n y el Crecimiento y la Administraci\u00f3n Central r\u00e9gimen 05, quienes la cobrar\u00e1n el 5 de enero. El incentivo tambi\u00e9n alcanzar\u00e1 a los nucleados en ATE, asociaci\u00f3n que tambi\u00e9n acept\u00f3 la ayuda del Ejecutivo. ","protected":false},"author":77,"featured_media":76089,"comment_status":"open","ping_status":"open","sticky":false,"template":"","format":"standard","meta":[],"categories":[20],"tags":[],"_links":{"self":[{"href":"https:\/\/www.mendoza.gov.ar\/prensa\/wp-json\/wp\/v2\/posts\/76073"}],"collection":[{"href":"https:\/\/www.mendoza.gov.ar\/prensa\/wp-json\/wp\/v2\/posts"}],"about":[{"href":"https:\/\/www.mendoza.gov.ar\/prensa\/wp-json\/wp\/v2\/types\/post"}],"author":[{"embeddable":true,"href":"https:\/\/www.mendoza.gov.ar\/prensa\/wp-json\/wp\/v2\/users\/77"}],"replies":[{"embeddable":true,"href":"https:\/\/www.mendoza.gov.ar\/prensa\/wp-json\/wp\/v2\/comments?post=76073"}],"version-history":[{"count":0,"href":"https:\/\/www.mendoza.gov.ar\/prensa\/wp-json\/wp\/v2\/posts\/76073\/revisions"}],"wp:featuredmedia":[{"embeddable":true,"href":"https:\/\/www.mendoza.gov.ar\/prensa\/wp-json\/wp\/v2\/media\/76089"}],"wp:attachment":[{"href":"https:\/\/www.mendoza.gov.ar\/prensa\/wp-json\/wp\/v2\/media?parent=76073"}],"wp:term":[{"taxonomy":"category","embeddable":true,"href":"https:\/\/www.mendoza.gov.ar\/prensa\/wp-json\/wp\/v2\/categories?post=76073"},{"taxonomy":"post_tag","embeddable":true,"href":"https:\/\/www.mendoza.gov.ar\/prensa\/wp-json\/wp\/v2\/tags?post=76073"}],"curies":[{"name":"wp","href":"https:\/\/api.w.org\/{rel}","templated":true}]}}