{"id":76168,"date":"2016-12-21T09:40:57","date_gmt":"2016-12-21T12:40:57","guid":{"rendered":"http:\/\/prensa.mendoza.gov.ar\/?p=76168"},"modified":"2016-12-21T09:40:57","modified_gmt":"2016-12-21T12:40:57","slug":"cornejo-participo-del-acto-por-el-bicentenario-del-departamento-de-san-martin","status":"publish","type":"post","link":"https:\/\/www.mendoza.gov.ar\/prensa\/cornejo-participo-del-acto-por-el-bicentenario-del-departamento-de-san-martin\/","title":{"rendered":"Cornejo particip\u00f3 del acto por el Bicentenario de la ciudad de San Mart\u00edn"},"content":{"rendered":"<!DOCTYPE html PUBLIC \"-\/\/W3C\/\/DTD HTML 4.0 Transitional\/\/EN\" \"http:\/\/www.w3.org\/TR\/REC-html40\/loose.dtd\">\n<html><body><p>El Gobernador Alfredo Cornejo particip&oacute;, junto al intendente Jorge Gim&eacute;nez, en el acto&nbsp;del Bicentenario de la ciudad&nbsp;de San Mart&iacute;n.<\/p>\n<p>En su discurso, el mandatario destac&oacute; las principales cualidades del general San Mart&iacute;n como persona, como l&iacute;der y como referente para la sociedad actual. &ldquo;Hoy quiero recordar junto a todos los mendocinos al Padre de la Patria con una reflexi&oacute;n que espero sea propicia e inspiradora, porque a pesar de que habla de nuestras frustraciones, se enfoca en algo que nos ocupa como generaci&oacute;n, el futuro, el futuro de nuestra provincia y el futuro de nuestro pa&iacute;s&rdquo;, sostuvo. Y agreg&oacute;: &ldquo;El Libertador es la encarnaci&oacute;n m&aacute;xima de la resistencia a la pelea facciosa entre hermanos: siempre se neg&oacute; a intervenir en las luchas aun cuando el resto de la dirigencia pol&iacute;tica de ese momento lo impulsaba a hacerlo. Su testimonio de concordia es de una potencia extraordinaria, para tenerlo en cuenta hoy. Honestidad, coraje, desprendimiento, abnegaci&oacute;n, esfuerzo, estudio, profesionalismo, austeridad, orden, qu&eacute; gran legado es el de este hombre que hoy recordamos. La memoria de sus actitudes debe ser el ariete para encarar el d&iacute;a a d&iacute;a&rdquo;.<\/p>\n<p><a href=\"https:\/\/www.mendoza.gov.ar\/prensa\/wp-content\/uploads\/sites\/23\/aDSC_0204.jpg\"><img loading=\"lazy\" class=\"alignnone  wp-image-76189 img-responsive center-block\" src=\"https:\/\/www.mendoza.gov.ar\/prensa\/wp-content\/uploads\/sites\/23\/aDSC_0204.jpg\" alt=\"\" width=\"731\" height=\"449\"><\/a><\/p>\n<p>Adem&aacute;s, destac&oacute; que &ldquo;todos tenemos la ilusi&oacute;n de alcanzar el bienestar general y la concordia de todos los mendocinos y me siento muy acompa&ntilde;ado por distintos dirigentes de la pol&iacute;tica para lograr ese objetivo&rdquo;.<\/p>\n<p>Al destacar las cualidades de l&iacute;der de San Mart&iacute;n, Cornejo relat&oacute;: &ldquo;Fue mucho lo que nos leg&oacute;, porque aquel hombre, que si bien era de armas, se revel&oacute; tambi&eacute;n como un gran estadista, como un administrador y un organizador admirable. Puso en l&iacute;nea a los recursos humanos, hombres y mujeres disponibles para que cada uno cumpliera un papel a fin de lograr el objetivo com&uacute;n. Eso lo distingui&oacute;. Ten&iacute;a un objetivo que trascend&iacute;a lo personal, y ah&iacute; enfoc&oacute; todos sus esfuerzos. Aun hoy vemos con orgullo c&oacute;mo todos los habitantes de este suelo se pusieron a su disposici&oacute;n y marcharon a su lado para lograr la independencia que recientemente hemos conmemorado&rdquo;.<\/p>\n<p>Al finalizar, el Gobernador destac&oacute; que anhela que &ldquo;en un tiempo podamos decir que ese conjunto de valores heredados del Padre de la&nbsp;Patria concuerdan con los que alientan a la mayor&iacute;a de los argentinos. Ojal&aacute; que el futuro que nos ocupa nos encuentre 200 veces m&aacute;s unidos&rdquo;.<\/p>\n<p>Cornejo, junto al intendente de la ciudad cordobesa de Achira, Jorge Otamendi, recibieron un presente representativo sobre San Mart&iacute;n.<\/p>\n<p><iframe width=\"900\" height=\"400\" scrolling=\"no\" frameborder=\"no\" src=\"https:\/\/w.soundcloud.com\/player\/?visual=true&amp;url=https%3A%2F%2Fapi.soundcloud.com%2Ftracks%2F298995413&amp;show_artwork=true&amp;maxwidth=900&amp;maxheight=1000\"><\/iframe><\/p>\n<\/body><\/html>\n","protected":false},"excerpt":{"rendered":"\u201cFue mucho lo que nos leg\u00f3, porque aquel hombre, que si bien era de armas, se revel\u00f3 tambi\u00e9n como un gran estadista, como un administrador y un organizador admirable. Puso en l\u00ednea a los recursos humanos, hombres y mujeres disponibles para que cada uno cumpliera un papel a fin de lograr el objetivo com\u00fan. Eso lo distingui\u00f3\u201d, resalt\u00f3 el Gobernador al referirse al general Jos\u00e9 de San Mart\u00edn. Audio.","protected":false},"author":68,"featured_media":76191,"comment_status":"open","ping_status":"open","sticky":false,"template":"","format":"standard","meta":[],"categories":[19],"tags":[],"_links":{"self":[{"href":"https:\/\/www.mendoza.gov.ar\/prensa\/wp-json\/wp\/v2\/posts\/76168"}],"collection":[{"href":"https:\/\/www.mendoza.gov.ar\/prensa\/wp-json\/wp\/v2\/posts"}],"about":[{"href":"https:\/\/www.mendoza.gov.ar\/prensa\/wp-json\/wp\/v2\/types\/post"}],"author":[{"embeddable":true,"href":"https:\/\/www.mendoza.gov.ar\/prensa\/wp-json\/wp\/v2\/users\/68"}],"replies":[{"embeddable":true,"href":"https:\/\/www.mendoza.gov.ar\/prensa\/wp-json\/wp\/v2\/comments?post=76168"}],"version-history":[{"count":0,"href":"https:\/\/www.mendoza.gov.ar\/prensa\/wp-json\/wp\/v2\/posts\/76168\/revisions"}],"wp:featuredmedia":[{"embeddable":true,"href":"https:\/\/www.mendoza.gov.ar\/prensa\/wp-json\/wp\/v2\/media\/76191"}],"wp:attachment":[{"href":"https:\/\/www.mendoza.gov.ar\/prensa\/wp-json\/wp\/v2\/media?parent=76168"}],"wp:term":[{"taxonomy":"category","embeddable":true,"href":"https:\/\/www.mendoza.gov.ar\/prensa\/wp-json\/wp\/v2\/categories?post=76168"},{"taxonomy":"post_tag","embeddable":true,"href":"https:\/\/www.mendoza.gov.ar\/prensa\/wp-json\/wp\/v2\/tags?post=76168"}],"curies":[{"name":"wp","href":"https:\/\/api.w.org\/{rel}","templated":true}]}}