{"id":76227,"date":"2016-12-21T13:44:41","date_gmt":"2016-12-21T16:44:41","guid":{"rendered":"http:\/\/prensa.mendoza.gov.ar\/?p=76227"},"modified":"2016-12-21T13:44:41","modified_gmt":"2016-12-21T16:44:41","slug":"el-registro-civil-inaugurara-en-san-martin-su-oficina-cabecera-de-zona-este","status":"publish","type":"post","link":"https:\/\/www.mendoza.gov.ar\/prensa\/el-registro-civil-inaugurara-en-san-martin-su-oficina-cabecera-de-zona-este\/","title":{"rendered":"El Registro Civil inaugurar\u00e1 en San Mart\u00edn su oficina cabecera de zona Este"},"content":{"rendered":"<!DOCTYPE html PUBLIC \"-\/\/W3C\/\/DTD HTML 4.0 Transitional\/\/EN\" \"http:\/\/www.w3.org\/TR\/REC-html40\/loose.dtd\">\n<html><body><p class=\"m_-4812309571592219370gmail-bajada\">A partir de este jueves, San Mart&iacute;n tendr&aacute;&nbsp;una nueva oficina del Registro Civil, cabecera para toda la zona Este, que brindar&aacute; servicios en un espacio m&aacute;s amplio, c&oacute;modo y accesible para los ciudadanos. En el acto participar&aacute;n funcionarios de los &aacute;mbitos municipal y provincial.<\/p>\n<p class=\"m_-4812309571592219370gmail-bajada\">Asimismo, se firmar&aacute; un convenio de asistencia mutual entre la Comuna de San Mart&iacute;n y el Ministerio de Gobierno, Trabajo y Justicia para la documentaci&oacute;n, en una primera instancia, de ni&ntilde;os menores de cincos a&ntilde;os. En una segunda etapa, destinada a cubrir la franja de 5 a 8 a&ntilde;os, con un tr&aacute;mite &aacute;gil y gratuito. El acuerdo implica para el Municipio el aporte del m&oacute;vil para el traslado de esos chicos a los centros de documentaci&oacute;n.<\/p>\n<p>En ese sentido, Enzo Rizzo, director del Registro del Estado Civil y Capacidad de las Personas, adelant&oacute; que &ldquo;por medio de este convenio se lograr&aacute; la documentaci&oacute;n y renovaci&oacute;n de DNI de todos los ni&ntilde;os de los jardines de infantes de este departamento, facilit&aacute;ndoles la tarea a los padres con una gesti&oacute;n r&aacute;pida y sin costo&rdquo;.<\/p>\n<p>Este tipo de convenio ya fue rubricado con Lavalle, Las Heras y Godoy Cruz, y recientemente con La Paz, con la intenci&oacute;n de avanzar con cada intendente de la provincia en operativos&nbsp;similares de documentaci&oacute;n de menores.<\/p>\n<\/body><\/html>\n","protected":false},"excerpt":{"rendered":"Adem\u00e1s, se firmar\u00e1 con el Municipio un convenio de asistencia t\u00e9cnica mutua para la documentaci\u00f3n de los chicos que concurren a los jardines de infantes de esa comuna. El nuevo espacio funcionar\u00e1 en Pueyrred\u00f3n 58.\n\n","protected":false},"author":76,"featured_media":0,"comment_status":"open","ping_status":"open","sticky":false,"template":"","format":"standard","meta":[],"categories":[20],"tags":[],"_links":{"self":[{"href":"https:\/\/www.mendoza.gov.ar\/prensa\/wp-json\/wp\/v2\/posts\/76227"}],"collection":[{"href":"https:\/\/www.mendoza.gov.ar\/prensa\/wp-json\/wp\/v2\/posts"}],"about":[{"href":"https:\/\/www.mendoza.gov.ar\/prensa\/wp-json\/wp\/v2\/types\/post"}],"author":[{"embeddable":true,"href":"https:\/\/www.mendoza.gov.ar\/prensa\/wp-json\/wp\/v2\/users\/76"}],"replies":[{"embeddable":true,"href":"https:\/\/www.mendoza.gov.ar\/prensa\/wp-json\/wp\/v2\/comments?post=76227"}],"version-history":[{"count":0,"href":"https:\/\/www.mendoza.gov.ar\/prensa\/wp-json\/wp\/v2\/posts\/76227\/revisions"}],"wp:attachment":[{"href":"https:\/\/www.mendoza.gov.ar\/prensa\/wp-json\/wp\/v2\/media?parent=76227"}],"wp:term":[{"taxonomy":"category","embeddable":true,"href":"https:\/\/www.mendoza.gov.ar\/prensa\/wp-json\/wp\/v2\/categories?post=76227"},{"taxonomy":"post_tag","embeddable":true,"href":"https:\/\/www.mendoza.gov.ar\/prensa\/wp-json\/wp\/v2\/tags?post=76227"}],"curies":[{"name":"wp","href":"https:\/\/api.w.org\/{rel}","templated":true}]}}