{"id":76247,"date":"2016-12-21T16:53:42","date_gmt":"2016-12-21T19:53:42","guid":{"rendered":"http:\/\/prensa.mendoza.gov.ar\/?p=76247"},"modified":"2016-12-21T16:53:42","modified_gmt":"2016-12-21T19:53:42","slug":"mendoza-se-prepara-para-debatir-una-nueva-ley-de-coparticipacion-federal","status":"publish","type":"post","link":"https:\/\/www.mendoza.gov.ar\/prensa\/mendoza-se-prepara-para-debatir-una-nueva-ley-de-coparticipacion-federal\/","title":{"rendered":"Mendoza se prepara para debatir una nueva Ley de Coparticipaci\u00f3n Federal"},"content":{"rendered":"<!DOCTYPE html PUBLIC \"-\/\/W3C\/\/DTD HTML 4.0 Transitional\/\/EN\" \"http:\/\/www.w3.org\/TR\/REC-html40\/loose.dtd\">\n<html><body><p>El Gobernador Alfredo Cornejo y el ministro de Hacienda y Finanzas, Mart&iacute;n Kerchner, convocaron esta ma&ntilde;ana a una mesa de trabajo para tratar el tema &ldquo;Nueva Ley de Coparticipaci&oacute;n Federal, el futuro de los mendocinos&rdquo;. &ldquo;La iniciativa surgi&oacute; luego de que el Gobierno nacional, por instrucci&oacute;n del Presidente Mauricio Macri, decidi&oacute; tratar de llegar al 2019 con un nuevo proyecto de ley, o una ley, si todo sale bien, de Coparticipaci&oacute;n Federal&rdquo;, explic&oacute; Cornejo.<\/p>\n<p>El objetivo del encuentro fue comenzar a trabajar en la conformaci&oacute;n de un equipo de trabajo provincial que representar&aacute; a Mendoza &ndash;cada provincia tendr&aacute; su propia comisi&oacute;n&ndash; en las reuniones que se realizar&aacute;n a nivel nacional para debatir el proyecto. &ldquo;El primer trimestre del a&ntilde;o que viene nos va a citar el Gobierno nacional para dar inicio a las etapas de an&aacute;lisis y as&iacute; comenzar a tener los consensos t&eacute;cnicos, sociales y pol&iacute;ticos de esta nueva ley. Estamos armando esta nueva mesa que me acompa&ntilde;ar&aacute; en esos encuentros. La idea es armar una mesa de mendocinos con la suficiente masa cr&iacute;tica para encarar el proceso que comenzar&aacute; el a&ntilde;o que viene&rdquo;, detall&oacute; Kerchner.<\/p>\n<p>&ldquo;Para eso iniciamos hoy discusiones y la constituci&oacute;n de comisiones t&eacute;cnicas que van a ir aportando sus ideas y proyectos. Vamos a evaluar c&oacute;mo la Naci&oacute;n nos puede dar m&aacute;s recursos para preparar nuestra argumentaci&oacute;n., aunque tenemos un argumento fuerte, que es la distribuci&oacute;n per c&aacute;pita, en donde Mendoza y Buenos Aires somos los m&aacute;s perjudicados. Por eso tenemos que ir buscando los argumentos que nos sirvan para hacer una propuesta s&oacute;lida&rdquo;, sostuvo Cornejo.<\/p>\n<p>Para el Gobernador, es necesario conseguir un amplio consenso, &ldquo;que no sea s&oacute;lo la propuesta del gobierno de turno. Porque probablemente los beneficios de una Ley de Coparticipaci&oacute;n no los va a ver el gobierno que yo presido, sino los futuros gobiernos y, por lo tanto, queremos que tenga el m&aacute;s amplio consenso social, econ&oacute;mico y pol&iacute;tico&rdquo;.<\/p>\n<p>En este sentido, el mandatario subray&oacute;: &ldquo;Hemos contado con asesoramiento del Consejo Federal de Inversiones (CFI), con asesoramiento local de economistas, contadores y especialistas mendocinos que estudian hace a&ntilde;os la Ley de Coparticipaci&oacute;n nacional. Pero queremos, adem&aacute;s, una participaci&oacute;n plena de los principales dirigentes, empresarios, pol&iacute;ticos, sindicalistas&nbsp;y dirigentes sociales. Nosotros queremos tener no s&oacute;lo legitimidad y apoyo social sino tambi&eacute;n apoyo pol&iacute;tico. Un gobierno puede ser fuerte o d&eacute;bil seg&uacute;n el apoyo pol&iacute;tico que recibe de la oposici&oacute;n&rdquo;.<\/p>\n<p>Adem&aacute;s, se&ntilde;al&oacute; que &ldquo;la Coparticipaci&oacute;n ha quedado absolutamente injusta, desequilibrada. Hay provincias con much&iacute;simos menos habitantes que Mendoza que reciben casi el doble que nosotros. Hay provincias que son insostenibles sin el apoyo nacional&rdquo;.<\/p>\n<p>&ldquo;Creo que podemos llegar a buen puerto porque es un proceso que se va a encarar de manera distinta.&nbsp;Siempre ha sido desde el foro legislativo o de quien est&aacute; gobernando bajando alternativas o desde las provincias individualmente sugiriendo proyectos. Una Ley de Coparticipaci&oacute;n requiere el acuerdo de todas las jurisdicciones de la naci&oacute;n, de las 24 provincias, de la Ciudad Aut&oacute;noma de Buenos Aires y de la Naci&oacute;n. Adem&aacute;s, la ley debe ser aprobada por unanimidad. Creo que puede haber por lo menos un muy fuerte intento de tener un proyecto de ley&rdquo;, puntualiz&oacute; Kerchner.<\/p>\n<p>El ministro de Hacienda plante&oacute; la necesidad de que la distribuci&oacute;n de los recursos entre el Estado nacional, las provincias y la CABA respete los lineamientos establecidos por la Constituci&oacute;n Nacional: ser equitativa y ser solidaria. Remont&aacute;ndose a la historia, explic&oacute; que desde la reforma de 1994 no hubo muchos proyectos de Ley de Coparticipaci&oacute;n y que los existentes no fueron resultado de un trabajo conjunto y consensuado.<\/p>\n<p>&ldquo;La estrategia del Gobierno federal ha sido acumular recursos para distribuirlos de manera discrecional, dando como resultado desequilibrios verticales entre la Naci&oacute;n y las provincias y fuertes desequilibrios horizontales entre las provincias&rdquo;, declar&oacute; Kerchner . Y agreg&oacute;: &ldquo;Es por esto que la nueva Ley de Coparticipaci&oacute;n que se plantee debe ser resultado del trabajo en equipo, de acuerdos previos y con la participaci&oacute;n consensuada de todos. Adem&aacute;s, debe estar basada en criterios objetivos y con una metodolog&iacute;a clara&rdquo;.<\/p>\n<p>Asimismo, explic&oacute; las causas que han perjudicado a Mendoza en los &uacute;ltimos a&ntilde;os: las transferencias de los servicios educativos de la Naci&oacute;n a las provincias;&nbsp;el cumplimiento del Pacto Fiscal II;&nbsp; la financiaci&oacute;n de distintas obras estrat&eacute;gicas que han sido financiadas por la Provincia, como el Dique Potrerillos y el embalse Valle Grande; la Promoci&oacute;n Industrial y la transferencia de coparticipaci&oacute;n per c&aacute;pita, en la que Mendoza recibe la mitad que San Juan y San Luis, sus competidores directos.<\/p>\n<p>&ldquo;Todos sabemos que cada provincia va a tener su visi&oacute;n y me parece que es importante que empecemos a pensar qu&eacute; es lo que no podemos dejar de defender como mendocinos. Esto va a definir el futuro de los mendocinos de los pr&oacute;ximos 40 a&ntilde;os o m&aacute;s&rdquo;, finaliz&oacute; Kerchner.<\/p>\n<p>La reuni&oacute;n se realiz&oacute; en el Hotel Potrerillos y asistieron adem&aacute;s el ministro de Econom&iacute;a, Infraestructura y Energ&iacute;a, Enrique Vaqui&eacute;; el fiscal de Estado, Fernando Sim&oacute;n; legisladores provinciales, representantes de los municipios, entidades econ&oacute;micas y c&aacute;maras empresariales, del Consejo Tributario&nbsp;y de las universidades. Tambi&eacute;n concurrieron periodistas especializados de medios de comunicaci&oacute;n locales.<\/p>\n<p><iframe width=\"900\" height=\"400\" scrolling=\"no\" frameborder=\"no\" src=\"https:\/\/w.soundcloud.com\/player\/?visual=true&amp;url=https%3A%2F%2Fapi.soundcloud.com%2Ftracks%2F299055776&amp;show_artwork=true&amp;maxwidth=900&amp;maxheight=1000\"><\/iframe><\/p>\n<p><iframe width=\"900\" height=\"400\" scrolling=\"no\" frameborder=\"no\" src=\"https:\/\/w.soundcloud.com\/player\/?visual=true&amp;url=https%3A%2F%2Fapi.soundcloud.com%2Ftracks%2F299026264&amp;show_artwork=true&amp;maxwidth=900&amp;maxheight=1000\"><\/iframe><\/p>\n<p><iframe width=\"900\" height=\"400\" scrolling=\"no\" frameborder=\"no\" src=\"https:\/\/w.soundcloud.com\/player\/?visual=true&amp;url=https%3A%2F%2Fapi.soundcloud.com%2Ftracks%2F299032083&amp;show_artwork=true&amp;maxwidth=900&amp;maxheight=1000\"><\/iframe><\/p>\n<p><iframe width=\"900\" height=\"400\" scrolling=\"no\" frameborder=\"no\" src=\"https:\/\/w.soundcloud.com\/player\/?visual=true&amp;url=https%3A%2F%2Fapi.soundcloud.com%2Ftracks%2F299036769&amp;show_artwork=true&amp;maxwidth=900&amp;maxheight=1000\"><\/iframe><\/p>\n<\/body><\/html>\n","protected":false},"excerpt":{"rendered":"\u201cQueremos que tenga el m\u00e1s amplio consenso social, econ\u00f3mico y pol\u00edtico\u201d, indic\u00f3 el Gobernador. El mandatario anunci\u00f3 que la Provincia comenz\u00f3 a trabajar en la conformaci\u00f3n de equipos t\u00e9cnicos que representar\u00e1n a Mendoza en las reuniones que se realizar\u00e1n a nivel nacional para debatir el proyecto. Audios.","protected":false},"author":63,"featured_media":76255,"comment_status":"open","ping_status":"open","sticky":false,"template":"","format":"standard","meta":[],"categories":[19],"tags":[],"_links":{"self":[{"href":"https:\/\/www.mendoza.gov.ar\/prensa\/wp-json\/wp\/v2\/posts\/76247"}],"collection":[{"href":"https:\/\/www.mendoza.gov.ar\/prensa\/wp-json\/wp\/v2\/posts"}],"about":[{"href":"https:\/\/www.mendoza.gov.ar\/prensa\/wp-json\/wp\/v2\/types\/post"}],"author":[{"embeddable":true,"href":"https:\/\/www.mendoza.gov.ar\/prensa\/wp-json\/wp\/v2\/users\/63"}],"replies":[{"embeddable":true,"href":"https:\/\/www.mendoza.gov.ar\/prensa\/wp-json\/wp\/v2\/comments?post=76247"}],"version-history":[{"count":0,"href":"https:\/\/www.mendoza.gov.ar\/prensa\/wp-json\/wp\/v2\/posts\/76247\/revisions"}],"wp:featuredmedia":[{"embeddable":true,"href":"https:\/\/www.mendoza.gov.ar\/prensa\/wp-json\/wp\/v2\/media\/76255"}],"wp:attachment":[{"href":"https:\/\/www.mendoza.gov.ar\/prensa\/wp-json\/wp\/v2\/media?parent=76247"}],"wp:term":[{"taxonomy":"category","embeddable":true,"href":"https:\/\/www.mendoza.gov.ar\/prensa\/wp-json\/wp\/v2\/categories?post=76247"},{"taxonomy":"post_tag","embeddable":true,"href":"https:\/\/www.mendoza.gov.ar\/prensa\/wp-json\/wp\/v2\/tags?post=76247"}],"curies":[{"name":"wp","href":"https:\/\/api.w.org\/{rel}","templated":true}]}}