{"id":76278,"date":"2016-12-21T18:41:13","date_gmt":"2016-12-21T21:41:13","guid":{"rendered":"http:\/\/prensa.mendoza.gov.ar\/?p=76278"},"modified":"2016-12-21T18:41:13","modified_gmt":"2016-12-21T21:41:13","slug":"el-proximo-viernes-abrira-la-temporada-de-la-reserva-laguna-del-diamante","status":"publish","type":"post","link":"https:\/\/www.mendoza.gov.ar\/prensa\/el-proximo-viernes-abrira-la-temporada-de-la-reserva-laguna-del-diamante\/","title":{"rendered":"El pr\u00f3ximo viernes abrir\u00e1 la temporada de la Reserva Laguna del Diamante"},"content":{"rendered":"<!DOCTYPE html PUBLIC \"-\/\/W3C\/\/DTD HTML 4.0 Transitional\/\/EN\" \"http:\/\/www.w3.org\/TR\/REC-html40\/loose.dtd\">\n<html><body><p>Laguna del Diamante conserva el espejo de agua ubicado a 3.250 metros a los pies del volc&aacute;n Maipo (5.323 metros) en la cordillera de los Andes. Un majestuoso paisaje rodeado de vegas altoandinas y campos de escoria volc&aacute;nica dan un imponente marco a las aguas cristalinas de la laguna y el avistaje de manadas de guanacos a lo largo de la reserva es otro de sus grandes atractivos.<\/p>\n<p>El espejo de agua -de donde nace el R&iacute;o Diamante- y su imponente entorno, ofrecen un &aacute;mbito ideal para la pr&aacute;ctica de pesca deportiva, acampe en algunos sitios permitidos, ascenso al Volc&aacute;n Maipo, avistamientos de fauna &ndash;guanacos y aves- o el simple deleite en los extraordinarios escenarios naturales que ofrece esta reserva.<\/p>\n<p>Diamante se asienta sobre una antigua caldera volc&aacute;nica -enorme hundimiento con forma de &ldquo;olla&rdquo; producido por el colapso de un volc&aacute;n- del per&iacute;odo Cuaternario y representa una de las principales manifestaciones volc&aacute;nicas de la regi&oacute;n cordillerana. Su contenido h&iacute;drico es aportado por los deshielos, d&aacute;ndole una profundidad aproximada de 70 m, que a la vez, da nacimiento al R&iacute;o Diamante. Junto a la laguna se eleva el Volc&aacute;n Maipo y al reflejarse en el espejo de agua se puede ver la figura romboidal del diamante que da origen al nombre a esta reserva.<\/p>\n<p>El pr&oacute;ximo jueves, el secretario de Ambiente y Ordenamiento Territorial de provincia, Humberto Mingorance y el intendente de San Carlos, Jorge Difonso, anunciar&aacute;n oficialmente la apertura de temporada 2016-2017. Ser&aacute; en el refugio Alvarado, en la entrada de la reserva, a las 14.&nbsp; Tambi&eacute;n estar&aacute; presente en el acto, la directora de Recursos Naturales Renovables, Mabel Chambouleyron.<\/p>\n<p><strong>C&oacute;mo llegar<\/strong><\/p>\n<p>Transitando al Sur de la Ciudad de Mendoza, por Ruta Nacional 40 hasta la localidad de Pareditas (Departamento de San Carlos). Este tramo es de aproximadamente 120 km. Desde Pareditas se puede ir por la Ruta Provincial 101 o proseguir por la Ruta 40 hasta el empalme con la Ruta Provincial 98 y desde este punto hacia el Oeste. Este tramo desde Pareditas hasta el ingreso a la reserva es de cerca de 100 km. Hasta la localidad de Pareditas ruta asfaltada en buen estado. A partir de este punto existen tramos del camino consolidado en regular estado de conservaci&oacute;n.<\/p>\n<p><strong>Requisitos para el ingreso<\/strong><\/p>\n<p>&bull; Se abona canon de ingreso seg&uacute;n la actividad a realizar- en la entrada a la reserva.<\/p>\n<p>&bull; Registrar ingreso y egreso en la Seccional de Guardaparques. Ingreso con veh&iacute;culos altos o de doble tracci&oacute;n.<\/p>\n<p>&bull; Para Pesca Se requiere permiso o carnet de pesca que se gestiona en la Direcci&oacute;n de Recursos Naturales Renovables (Av. Las Tipas s\/n &ndash; Parque Gral. San Mart&iacute;n &ndash; Ciudad de Mendoza), en cualquiera de las delegaciones zonales o en el ingreso a la reserva.<\/p>\n<p>&bull; Siempre debe ir acompa&ntilde;ado con el DNI u otro documento que acredite la identidad del portador de dicho permiso habilitante.<\/p>\n<p>&bull; Horario de Atenci&oacute;n: 8 a 17 hs.<\/p>\n<p>&bull; Servicios: Guardaparques &ndash; Centro de Interpretaci&oacute;n &ndash; Sanitarios &ndash; Equipo e indumentaria.<\/p>\n<p>&bull; Para caminatas en el d&iacute;a o simple visita, llevar provisi&oacute;n de agua, anteojos para sol, protector solar, gorro, abrigo y calzado deportivo.<\/p>\n<p>&bull; Para otras actividades espec&iacute;ficas, consultar previamente tipo de equipo, provisiones y vestimenta requeridos.<\/p>\n<p><strong>Recomendaciones especiales<\/strong><\/p>\n<p>&bull; Para realizar cualquier actividad en el &aacute;rea informarse previamente sobre las condiciones de ingreso, temporadas, actividades permitidas, prestadores de servicios, tiempo meteorol&oacute;gico, etc.<\/p>\n<p>&bull; Dirigirse personalmente al Centro de Visitantes de las &Aacute;reas Naturales Protegidas de Mendoza (Av. San Mart&iacute;n 1143 &ndash; Ciudad de Mendoza &ndash; 1&ordm; piso &ndash; Edificio del Ministerio de Turismo), llamando a +54 261-4258751 o v&iacute;a correo electr&oacute;nico informes-anp@mendoza.gov.ar.<\/p>\n<p>&bull; Contratar prestadores de servicios tur&iacute;sticos habilitados -gu&iacute;as o agencias- por el Ministerio de Turismo de Mendoza y por la Direcci&oacute;n de Recursos Naturales Renovables.<\/p>\n<\/body><\/html>\n","protected":false},"excerpt":{"rendered":"El secretario de Ambiente y Ordenamiento Territorial, Humberto Mingorance, y el intendente de San Carlos, Jorge Difonso, encabezar\u00e1n ma\u00f1ana, el acto de inicio de la nueva temporada. Ser\u00e1 en el refugio Alvarado, en el ingreso al \u00e1rea natural. Los visitantes podr\u00e1n acceder a partir del viernes 23 de diciembre.","protected":false},"author":63,"featured_media":76279,"comment_status":"open","ping_status":"open","sticky":false,"template":"","format":"standard","meta":[],"categories":[3],"tags":[],"_links":{"self":[{"href":"https:\/\/www.mendoza.gov.ar\/prensa\/wp-json\/wp\/v2\/posts\/76278"}],"collection":[{"href":"https:\/\/www.mendoza.gov.ar\/prensa\/wp-json\/wp\/v2\/posts"}],"about":[{"href":"https:\/\/www.mendoza.gov.ar\/prensa\/wp-json\/wp\/v2\/types\/post"}],"author":[{"embeddable":true,"href":"https:\/\/www.mendoza.gov.ar\/prensa\/wp-json\/wp\/v2\/users\/63"}],"replies":[{"embeddable":true,"href":"https:\/\/www.mendoza.gov.ar\/prensa\/wp-json\/wp\/v2\/comments?post=76278"}],"version-history":[{"count":0,"href":"https:\/\/www.mendoza.gov.ar\/prensa\/wp-json\/wp\/v2\/posts\/76278\/revisions"}],"wp:featuredmedia":[{"embeddable":true,"href":"https:\/\/www.mendoza.gov.ar\/prensa\/wp-json\/wp\/v2\/media\/76279"}],"wp:attachment":[{"href":"https:\/\/www.mendoza.gov.ar\/prensa\/wp-json\/wp\/v2\/media?parent=76278"}],"wp:term":[{"taxonomy":"category","embeddable":true,"href":"https:\/\/www.mendoza.gov.ar\/prensa\/wp-json\/wp\/v2\/categories?post=76278"},{"taxonomy":"post_tag","embeddable":true,"href":"https:\/\/www.mendoza.gov.ar\/prensa\/wp-json\/wp\/v2\/tags?post=76278"}],"curies":[{"name":"wp","href":"https:\/\/api.w.org\/{rel}","templated":true}]}}