{"id":76326,"date":"2016-12-22T14:27:53","date_gmt":"2016-12-22T17:27:53","guid":{"rendered":"http:\/\/prensa.mendoza.gov.ar\/?p=76326"},"modified":"2016-12-22T14:27:53","modified_gmt":"2016-12-22T17:27:53","slug":"accidentes-de-transito-2016-fue-el-ano-con-la-menor-cantidad-de-muertes-de-los-ultimos-anos","status":"publish","type":"post","link":"https:\/\/www.mendoza.gov.ar\/prensa\/accidentes-de-transito-2016-fue-el-ano-con-la-menor-cantidad-de-muertes-de-los-ultimos-anos\/","title":{"rendered":"Accidentes de tr\u00e1nsito: 2016 fue el a\u00f1o con la menor cantidad de muertes de los \u00faltimos a\u00f1os"},"content":{"rendered":"<!DOCTYPE html PUBLIC \"-\/\/W3C\/\/DTD HTML 4.0 Transitional\/\/EN\" \"http:\/\/www.w3.org\/TR\/REC-html40\/loose.dtd\">\n<html><body><p>La nueva gesti&oacute;n de la Unidad Ejecutiva de Seguridad Vial, de donde depende el recientemente creado Observatorio de Seguridad Vial, ha comenzado a aportar los primeros datos estad&iacute;sticos sobre accidentes fatales y heridos en Mendoza y tambi&eacute;n ha avanzado en el trabajo para descifrar las principales causas por las que se producen estos episodios<\/p>\n<p>El dato positivo es que las medidas preventivas y educativas que ha encarado esta gesti&oacute;n han colaborado para cerrar el que prev&eacute;n, ser&aacute; uno de los a&ntilde;os con menor cantidad de muertes en accidentes -tanto de las v&iacute;ctimas en el lugar del hecho como en los hospitales- de los &uacute;ltimos tiempos.<\/p>\n<p>Las estad&iacute;sticas parciales muestran que de enero hasta noviembre de 2016 se han producido 122 muertes en el lugar de los hechos, casi un 14% menos que los 141 registrados a igual per&iacute;odo de 2015, seg&uacute;n estad&iacute;sticas del Observatorio en base a cifras de la Jefatura de Polic&iacute;a Vial.<\/p>\n<p><a href=\"https:\/\/www.mendoza.gov.ar\/prensa\/wp-content\/uploads\/sites\/23\/IMG_0354.jpg\"><img loading=\"lazy\" class=\"alignnone  wp-image-76335 img-responsive center-block\" src=\"https:\/\/www.mendoza.gov.ar\/prensa\/wp-content\/uploads\/sites\/23\/IMG_0354.jpg\" alt=\"\" width=\"725\" height=\"483\"><\/a><\/p>\n<p>&ldquo;Los datos est&aacute;n marcando una tendencia, pero hay que esperar al a&ntilde;o cerrado. Venimos de un 2013 con 169 casos al igual que en 2014 y de 2015, con 154. Hay que sumar lo que suceda en diciembre, pero creemos que cerraremos con la tendencia descendente de muertos en el lugar de los accidentes&rdquo;, advierten desde el Observatorio.<\/p>\n<p>Hay que aclarar que estos datos se traducen despu&eacute;s en las muertes totales, es decir, incluyendo lo heridos graves que fallecen luego del accidente en centros asistenciales.<\/p>\n<p>Por eso es que es tan importante que la provincia cuente con estad&iacute;sticas ciertas, que adem&aacute;s de relevar los decesos en el lugar del hecho tambi&eacute;n hagan un seguimiento de los lesionados graves en los hospitales p&uacute;blicos y privados. Estos hoy representan el 50% de las v&iacute;ctimas fatales.<\/p>\n<p>Este fen&oacute;meno ha cambiado en la &uacute;ltima d&eacute;cada, ya que anteriormente las muertes en el lugar eran mayores: casi el 80% y 20% en hospitales. Al respecto el director de la UESV, Leonardo Yapur explic&oacute;: &ldquo;Ha mejorado mucho el sistema de atenci&oacute;n prehospitalaria (que son las ambulancias del SEC que llegan m&aacute;s r&aacute;pido, con mejores unidades, cobertura y personal m&aacute;s capacitado) y tambi&eacute;n en que los accidentes no son tan violentos como antes y que hay una mayor conciencia por parte de los conductores, sensibilizados por las campa&ntilde;as de prevenci&oacute;n&rdquo;.<\/p>\n<p><strong>N&uacute;meros en baja<\/strong><\/p>\n<p>En este contexto, los n&uacute;meros totales muestran una tasa de mortalidad en 2015 de 15 por 100 mil habitantes, cuando hab&iacute;a una tasa de 20 por 100 mil, en el a&ntilde;o 2011. Es decir que el descenso se refleja en estos n&uacute;meros: <strong>3<\/strong>55 fallecidos en 2011; 308 en 2012; 330 en 2013; 307 en 2014 y 282 en 2015.<\/p>\n<p><a href=\"https:\/\/www.mendoza.gov.ar\/prensa\/wp-content\/uploads\/sites\/23\/IMG_8270-1.jpg\"><img loading=\"lazy\" class=\"alignnone  wp-image-76336 img-responsive center-block\" src=\"https:\/\/www.mendoza.gov.ar\/prensa\/wp-content\/uploads\/sites\/23\/IMG_8270-1.jpg\" alt=\"\" width=\"716\" height=\"477\"><\/a><\/p>\n<p>&ldquo;Lo que marca la estad&iacute;stica es que en 2016 estamos en tendencia descendente en muertos en el lugar, en lesionados graves y en el total de fallecidos. Esto impacta en todo: menos j&oacute;venes lesionados y discapacitados y por supuesto menos fallecidos&rdquo;, considera Adriana Koch, integrante del Observatorio de Seguridad Vial, aunque recalca que a&uacute;n queda mucho por hacer y en este tipo de situaciones siempre hay que seguir trabajando y en alerta.<\/p>\n<p>&ldquo;Si la tendencia contin&uacute;a, creemos que podemos llegar a una tasa de 14,5 muertes por 100 mil habitantes aproximadamente, con lo cual podr&iacute;a ser la m&aacute;s baja de los &uacute;ltimos 15 a&ntilde;os, Incluso la cifra menor de internados graves en hospitales p&uacute;blicos de la provincia&rdquo;, concluy&oacute; la especialista.<\/p>\n<p><strong>Total de fallecidos por siniestros viales en la provincia<\/strong><\/p>\n<p>2011: 355<\/p>\n<p>2012: 308<\/p>\n<p>2013: 330<\/p>\n<p>2014: 307<\/p>\n<p>2015 :282<\/p>\n<p><strong>Defunciones en el lugar del accidente<\/strong><\/p>\n<p>2013: 169<\/p>\n<p>2014: 169<\/p>\n<p>2015: 154<\/p>\n<p>2016: 122 (hasta noviembre)<\/p>\n<p><strong>Defunciones en el lugar del accidente (Hasta noviembre &ndash; dato m&aacute;s reciente)<\/strong><\/p>\n<p>2015: 141<\/p>\n<p>2016: 122<\/p>\n<p><strong>Trabajo de prevenci&oacute;n<\/strong><\/p>\n<p>Leonardo Yapur, quien asumi&oacute; la direcci&oacute;n de la Unidad Ejecutiva de Seguridad Vial en mayo, consider&oacute; que el trabajo en prevenci&oacute;n, educaci&oacute;n y capacitaci&oacute;n est&aacute; dando sus frutos y se refleja en las estad&iacute;sticas.<\/p>\n<p>&ldquo;Capacitamos a 300 agentes de la Polic&iacute;a de Mendoza, 350 agentes de tr&aacute;nsito departamentales; tambi&eacute;n matriculamos y capacitamos a m&aacute;s de 280 operadores de los centros de licencia nacionales de conducir&rdquo;, explica el funcionario.<\/p>\n<p>Asimismo record&oacute; la premiada campa&ntilde;a de seguridad vial &ldquo;te hacemos perder un minuto para que no pierdas tu vida&rdquo;, como las charlas de concientizaci&oacute;n vial para adolescentes en diferentes escuelas de la provincia. En esa l&iacute;nea a la vez trabajan con Aprotam (Asociaci&oacute;n de propietarios de taxis de Mendoza) en la capacitaci&oacute;n de taxistas en cursos de conducci&oacute;n segura.<\/p>\n<p>Otro punto importante fue el de la ejecuci&oacute;n del Sistema Nacional de Licencias, que fue recibido en un 45% y hoy est&aacute; en 88% de implementaci&oacute;n y por inaugurarse los tres Centros Emisores restantes.<\/p>\n<p>Yapur se&ntilde;al&oacute; que seguir&aacute;n trabajando en estas l&iacute;neas y que reforzar&aacute;n las labores de prevenci&oacute;n, educaci&oacute;n y capacitaci&oacute;n en 2017.<\/p>\n<\/body><\/html>\n","protected":false},"excerpt":{"rendered":"El trabajo en prevenci\u00f3n, educaci\u00f3n y capacitaci\u00f3n de la Unidad Ejecutiva de Seguridad Vial est\u00e1 dando sus frutos. El Observatorio de Seguridad Vial muestra e interpreta la tendencia en la disminuci\u00f3n en v\u00edctimas fatales y lesionados. Las cifras son las m\u00e1s bajas en 15 a\u00f1os.","protected":false},"author":61,"featured_media":76333,"comment_status":"open","ping_status":"open","sticky":false,"template":"","format":"standard","meta":[],"categories":[34],"tags":[],"_links":{"self":[{"href":"https:\/\/www.mendoza.gov.ar\/prensa\/wp-json\/wp\/v2\/posts\/76326"}],"collection":[{"href":"https:\/\/www.mendoza.gov.ar\/prensa\/wp-json\/wp\/v2\/posts"}],"about":[{"href":"https:\/\/www.mendoza.gov.ar\/prensa\/wp-json\/wp\/v2\/types\/post"}],"author":[{"embeddable":true,"href":"https:\/\/www.mendoza.gov.ar\/prensa\/wp-json\/wp\/v2\/users\/61"}],"replies":[{"embeddable":true,"href":"https:\/\/www.mendoza.gov.ar\/prensa\/wp-json\/wp\/v2\/comments?post=76326"}],"version-history":[{"count":0,"href":"https:\/\/www.mendoza.gov.ar\/prensa\/wp-json\/wp\/v2\/posts\/76326\/revisions"}],"wp:featuredmedia":[{"embeddable":true,"href":"https:\/\/www.mendoza.gov.ar\/prensa\/wp-json\/wp\/v2\/media\/76333"}],"wp:attachment":[{"href":"https:\/\/www.mendoza.gov.ar\/prensa\/wp-json\/wp\/v2\/media?parent=76326"}],"wp:term":[{"taxonomy":"category","embeddable":true,"href":"https:\/\/www.mendoza.gov.ar\/prensa\/wp-json\/wp\/v2\/categories?post=76326"},{"taxonomy":"post_tag","embeddable":true,"href":"https:\/\/www.mendoza.gov.ar\/prensa\/wp-json\/wp\/v2\/tags?post=76326"}],"curies":[{"name":"wp","href":"https:\/\/api.w.org\/{rel}","templated":true}]}}