{"id":76365,"date":"2016-12-22T13:37:01","date_gmt":"2016-12-22T16:37:01","guid":{"rendered":"http:\/\/prensa.mendoza.gov.ar\/?p=76365"},"modified":"2016-12-22T13:37:01","modified_gmt":"2016-12-22T16:37:01","slug":"el-mercado-de-los-productores-renueva-sus-ofertas","status":"publish","type":"post","link":"https:\/\/www.mendoza.gov.ar\/prensa\/el-mercado-de-los-productores-renueva-sus-ofertas\/","title":{"rendered":"El Mercado de los Productores renueva sus ofertas"},"content":{"rendered":"<!DOCTYPE html PUBLIC \"-\/\/W3C\/\/DTD HTML 4.0 Transitional\/\/EN\" \"http:\/\/www.w3.org\/TR\/REC-html40\/loose.dtd\">\n<html><body><div id=\"m_-5433061720407062977yiv7903822726yui_3_16_0_ym19_1_1482362459919_16139\" class=\"m_-5433061720407062977yiv7903822726y_msg_container\" dir=\"ltr\">\n<div id=\"m_-5433061720407062977yui_3_16_0_ym19_1_1482411538441_48041\" class=\"m_-5433061720407062977qtdSeparateBR\">El Ministerio de Econom&iacute;a, Infraestructura y Energ&iacute;a informa sobre las&nbsp;nuevas ofertas&nbsp; del Mercado de los Productores que estar&aacute;n vigentes entre el martes 21 de diciembre y el mi&eacute;rcoles 4 de enero de 2017.<\/div>\n<\/div>\n<div id=\"m_-5433061720407062977yiv7903822726yqtfd90441\" class=\"m_-5433061720407062977yiv7903822726yqt6542733494\">\n<div id=\"m_-5433061720407062977yiv7903822726yui_3_16_0_ym19_1_1482362459919_16139\" class=\"m_-5433061720407062977yiv7903822726y_msg_container\">De esta iniciativa participan 128 productores locales que comercializan&nbsp;sus productos de panader&iacute;a, carnicer&iacute;a, verduler&iacute;a, pescader&iacute;a, almac&eacute;n,&nbsp;fiambrer&iacute;a y pastas, vinos, licores, productos delicatessen y una g&oacute;ndola&nbsp;exclusiva para personas cel&iacute;acas, entre otros.<\/div>\n<div id=\"m_-5433061720407062977yiv7903822726yui_3_16_0_ym19_1_1482362459919_16139\" class=\"m_-5433061720407062977yiv7903822726y_msg_container\"><strong>Las nuevas ofertas son:<\/strong><\/div>\n<div class=\"m_-5433061720407062977yiv7903822726y_msg_container\">&ndash;&nbsp;&nbsp;&nbsp; Caldos &ldquo;Safra&rdquo; de carne, verdura y gallina x 6 unidades $10.20<br>&ndash;&nbsp;&nbsp;&nbsp; Yerba &ldquo;Flor de Jard&iacute;n Misionera&rdquo; $62.90<br>&ndash;&nbsp;&nbsp;&nbsp; Miel &ldquo;Don Humberto&rdquo; x 500 g. $44<br>&ndash;&nbsp;&nbsp;&nbsp; Vainillas &ldquo;Portal del Sol&rdquo; x 270 g. $15<br>&ndash;&nbsp;&nbsp;&nbsp; Pan blanco rebanado $12.68<br>&ndash;&nbsp;&nbsp;&nbsp; Leche entera\/descremada $13.20<\/div>\n<div id=\"m_-5433061720407062977yiv7903822726yui_3_16_0_ym19_1_1482362459919_16139\" class=\"m_-5433061720407062977yiv7903822726y_msg_container\">El Mercado de los Productores, que funciona en el 1&deg; piso de la Terminal&nbsp;de &Oacute;mnibus de Mendoza, est&aacute; abierto de lunes a s&aacute;bado de 9 a 21 y domingos&nbsp;de 9 a 14 y los clientes que muestren un ticket del Mercado por un monto&nbsp;superior a $200 podr&aacute;n acceder a dos horas de estacionamiento sin cargo en&nbsp;la playa ubicada frente al ingreso del local.<\/div>\n<\/div>\n<\/body><\/html>\n","protected":false},"excerpt":{"rendered":"Emprendedores y peque\u00f1\u00f3s empresarios locales contin\u00faan comercializando sus productos en el 1\u00b0 piso de la Terminal de \u00d3mnibus de Guaymall\u00e9n.","protected":false},"author":77,"featured_media":76366,"comment_status":"open","ping_status":"open","sticky":false,"template":"","format":"standard","meta":[],"categories":[1],"tags":[],"_links":{"self":[{"href":"https:\/\/www.mendoza.gov.ar\/prensa\/wp-json\/wp\/v2\/posts\/76365"}],"collection":[{"href":"https:\/\/www.mendoza.gov.ar\/prensa\/wp-json\/wp\/v2\/posts"}],"about":[{"href":"https:\/\/www.mendoza.gov.ar\/prensa\/wp-json\/wp\/v2\/types\/post"}],"author":[{"embeddable":true,"href":"https:\/\/www.mendoza.gov.ar\/prensa\/wp-json\/wp\/v2\/users\/77"}],"replies":[{"embeddable":true,"href":"https:\/\/www.mendoza.gov.ar\/prensa\/wp-json\/wp\/v2\/comments?post=76365"}],"version-history":[{"count":0,"href":"https:\/\/www.mendoza.gov.ar\/prensa\/wp-json\/wp\/v2\/posts\/76365\/revisions"}],"wp:featuredmedia":[{"embeddable":true,"href":"https:\/\/www.mendoza.gov.ar\/prensa\/wp-json\/wp\/v2\/media\/76366"}],"wp:attachment":[{"href":"https:\/\/www.mendoza.gov.ar\/prensa\/wp-json\/wp\/v2\/media?parent=76365"}],"wp:term":[{"taxonomy":"category","embeddable":true,"href":"https:\/\/www.mendoza.gov.ar\/prensa\/wp-json\/wp\/v2\/categories?post=76365"},{"taxonomy":"post_tag","embeddable":true,"href":"https:\/\/www.mendoza.gov.ar\/prensa\/wp-json\/wp\/v2\/tags?post=76365"}],"curies":[{"name":"wp","href":"https:\/\/api.w.org\/{rel}","templated":true}]}}