{"id":76402,"date":"2016-12-22T21:49:20","date_gmt":"2016-12-23T00:49:20","guid":{"rendered":"http:\/\/prensa.mendoza.gov.ar\/?p=76402"},"modified":"2016-12-22T21:49:20","modified_gmt":"2016-12-23T00:49:20","slug":"garay-terminamos-el-primer-ano-con-acuerdos-con-todos-los-sindicatos","status":"publish","type":"post","link":"https:\/\/www.mendoza.gov.ar\/prensa\/garay-terminamos-el-primer-ano-con-acuerdos-con-todos-los-sindicatos\/","title":{"rendered":"Garay: \u201cTerminamos el primer\u00a0a\u00f1o con acuerdos con todos los sindicatos\u201d"},"content":{"rendered":"<!DOCTYPE html PUBLIC \"-\/\/W3C\/\/DTD HTML 4.0 Transitional\/\/EN\" \"http:\/\/www.w3.org\/TR\/REC-html40\/loose.dtd\">\n<html><body><p>El ministro de Gobierno, Justicia y Trabajo, Dalmiro Garay, junto a Ulpiano Su&aacute;rez, subsecretario de Gesti&oacute;n P&uacute;blica y Modernizaci&oacute;n del Estado, brindaron una conferencia de prensa donde detallaron el cronograma de apertura de Paritarias 2017 y la aceptaci&oacute;n por parte de los gremios de la ayuda econ&oacute;mica extraordinaria.<\/p>\n<p>&ldquo;Es un gran satisfacci&oacute;n que terminado el primer a&ntilde;o de mandato podamos logramos un gran acuerdo con todos los sindicatos que est&aacute;n representando a los empleados del sector p&uacute;blico. Hablamos de todos los sindicatos del r&eacute;gimen 5, los &oacute;rganos de control, los representantes de los profesionales de la salud, el sindicato de docentes, todos ellos han aceptado el bono que la Provincia ofreci&oacute; como as&iacute; tambi&eacute;n aceptaron el inicio de la discusi&oacute;n paritaria para el 2017. El 5 de enero van a tener depositado el bono en las condiciones que se ha ofrecido y desde febrero ya tienen el aumento salarial como se ha acordado&rdquo;, destac&oacute; Garay y afirm&oacute; que &ldquo;esto implica un gran esfuerzo para la entidad sindical y para el Estado, empezar a discutir salarios en enero&rdquo;.<\/p>\n<p><strong>Sectores que aceptaron la ayuda extraordinaria:<\/strong><\/p>\n<ol>\n<li>Fiscal&iacute;a de Estado<\/li>\n<li>Tribunal de Cuentas<\/li>\n<li>Direcci&oacute;n Provincial de Vialidad<\/li>\n<li>Instituto Provincial de Juegos y Casinos<\/li>\n<li>R&eacute;gimen 15 de Salud<\/li>\n<li>Parques y Zoo<\/li>\n<li>Legislatura<\/li>\n<li>Fondo para la transformaci&oacute;n y el crecimiento<\/li>\n<li>Subsecretar&iacute;a de Trabajo<\/li>\n<li>Administraci&oacute;n Central<\/li>\n<li>EPAS<\/li>\n<li>Guardaparques<\/li>\n<li>AMPROS- R&eacute;gimen 27<\/li>\n<li>Docentes y celadores<\/li>\n<\/ol>\n<p><strong>Paritarias 2017<\/strong><\/p>\n<p>Sobre la apertura de la discusi&oacute;n paritaria, el funcionario afirm&oacute;: &ldquo;Hemos logrado avanzar a&uacute;n m&aacute;s en el r&eacute;gimen de los no profesionales de la salud, en el r&eacute;gimen 15, representados por ATE y ATSA y hemos firmado aceptando no s&oacute;lo el bono sino tambi&eacute;n hemos definido la pauta salarial del 2017; por lo tanto, los empleados del r&eacute;gimen 15, van a empezar desde febrero a cobrar el incremento salarial&rdquo;.<\/p>\n<p>En el caso&nbsp; de los docentes, se acord&oacute; terminar la discusi&oacute;n paritaria una semana antes del inicio de clases que es el 7 de marzo.<\/p>\n<p>&ldquo;Tambi&eacute;n vamos a discutir las condiciones de empleo y a revisar los convenios colectivos. Estamos en un camino de amplio consenso con los sindicatos y esperamos que eso se profundice y que con la seriedad que eso nos lleva, los mendocinos puedan ver c&oacute;mo las entidades sindicales y el gobierno pueden pautar aumentos salariales y fijar condiciones de empleo no solamente en miras de mejor condici&oacute;n de trabajo de los empleados sino tambi&eacute;n para beneficiar al servicio p&uacute;blico como lo hemos dicho desde que asumimos&rdquo;, destac&oacute; por su parte Ulpiano Su&aacute;rez.<\/p>\n<p>Respecto al aumento del 17% acordado con los no profesionales de Salud, Garay sostuvo: &ldquo;La discusi&oacute;n salarial como lo he dicho, tiene desde este Gobierno en adelante una gran impronta de seriedad. Ya tenemos presupuesto votado en la Legislatura y eso nos va a permitir cu&aacute;l es nuestra pauta de aumento salarial; la pauta que hemos fijado con ATE y ATSA nos va a permitir tambi&eacute;n replicarla en las otras negociaciones paritarias y el resultado tambi&eacute;n es distinto porque tenemos que ver c&oacute;mo este esfuerzo del 17% impacta en cada estructura salarial. Ya que el resultado final puede ser mayor el incremento de los adicionales espec&iacute;ficos que tenga cada uno de los empleados. El 17% es un par&aacute;metro a tomar, razonable y puede servir para que todas las discusiones paritarias lo tengan en cuenta&rdquo;.<\/p>\n<p>Al finalizar, Su&aacute;rez declar&oacute; que &ldquo;tdos los sindicatos han tra&iacute;do la respuesta vinculada a una ayuda extraordinaria que ha hecho el Gobierno. Todos los sindicatos excepto el de judiciales que el d&iacute;a 28 tiene audiencia para contestar han aceptado esta ayuda y se ha pautado la apertura de la paritaria 2017. En el caso del gremio docente se ha pautado adem&aacute;s la manera en que se va a discutir la paritaria 2017. En donde se ha acordado que todo el incremento sea unificado para todos los reg&iacute;menes de ese sector. Que se va a hacer sobre los &iacute;tem remunerativos y bonificables y tambi&eacute;n que la paritaria va a estar terminada una semana antes del comienzo de clases&rdquo;.<\/p>\n<p><strong>Inicio de paritarias<\/strong><\/p>\n<ul>\n<li>Sute 17 de enero<\/li>\n<li>Ampros 16 de enero<\/li>\n<li>Administraci&oacute;n Central &ndash; la semana que viene<\/li>\n<\/ul>\n<p>Con el r&eacute;gimen 15 se avanz&oacute; en la oferta salarial 2017. Una vez bajado a las bases se acord&oacute; el aumento del 17%. 10% desde febrero y desde julio el 7%.<\/p>\n<p>&ldquo;El gobierno est&aacute; terminando su a&ntilde;o con la firme voluntad de que todos los conflictos se resuelvan en la mesa paritaria. Decidimos la apertura en diciembre para poder cambiar el eje de la discusi&oacute;n y la idea es poder en febrero tener todas las mesas paritarias cerradas con los incrementos acordados. Porque antes las paritarias se cerraban en mayo inclusive algunos en junio y se establec&iacute;an retroactivos sin inter&eacute;s para los empleados lo cual terminaba despreciando el incremento de acuerdo a la inflaci&oacute;n de esa &eacute;poca. Entendemos que el empleado debe recibir en tiempo y forma el aumento que se pauta&rdquo;, afirm&oacute; el Ministro.<\/p>\n<\/body><\/html>\n","protected":false},"excerpt":{"rendered":"As\u00ed lo afirm\u00f3 el Ministro de Gobierno en conferencia de prensa durante esta tarde. Catorce sectores de la administraci\u00f3n p\u00fablica provincial aceptaron la ayuda extraordinaria del Gobierno.","protected":false},"author":68,"featured_media":76403,"comment_status":"open","ping_status":"open","sticky":false,"template":"","format":"standard","meta":[],"categories":[20],"tags":[],"_links":{"self":[{"href":"https:\/\/www.mendoza.gov.ar\/prensa\/wp-json\/wp\/v2\/posts\/76402"}],"collection":[{"href":"https:\/\/www.mendoza.gov.ar\/prensa\/wp-json\/wp\/v2\/posts"}],"about":[{"href":"https:\/\/www.mendoza.gov.ar\/prensa\/wp-json\/wp\/v2\/types\/post"}],"author":[{"embeddable":true,"href":"https:\/\/www.mendoza.gov.ar\/prensa\/wp-json\/wp\/v2\/users\/68"}],"replies":[{"embeddable":true,"href":"https:\/\/www.mendoza.gov.ar\/prensa\/wp-json\/wp\/v2\/comments?post=76402"}],"version-history":[{"count":0,"href":"https:\/\/www.mendoza.gov.ar\/prensa\/wp-json\/wp\/v2\/posts\/76402\/revisions"}],"wp:featuredmedia":[{"embeddable":true,"href":"https:\/\/www.mendoza.gov.ar\/prensa\/wp-json\/wp\/v2\/media\/76403"}],"wp:attachment":[{"href":"https:\/\/www.mendoza.gov.ar\/prensa\/wp-json\/wp\/v2\/media?parent=76402"}],"wp:term":[{"taxonomy":"category","embeddable":true,"href":"https:\/\/www.mendoza.gov.ar\/prensa\/wp-json\/wp\/v2\/categories?post=76402"},{"taxonomy":"post_tag","embeddable":true,"href":"https:\/\/www.mendoza.gov.ar\/prensa\/wp-json\/wp\/v2\/tags?post=76402"}],"curies":[{"name":"wp","href":"https:\/\/api.w.org\/{rel}","templated":true}]}}