{"id":76593,"date":"2016-12-26T15:52:14","date_gmt":"2016-12-26T18:52:14","guid":{"rendered":"http:\/\/prensa.mendoza.gov.ar\/?p=76593"},"modified":"2016-12-26T15:52:14","modified_gmt":"2016-12-26T18:52:14","slug":"gobierno-firmo-diversos-convenios-con-la-municipalidad-de-santa-rosa","status":"publish","type":"post","link":"https:\/\/www.mendoza.gov.ar\/prensa\/gobierno-firmo-diversos-convenios-con-la-municipalidad-de-santa-rosa\/","title":{"rendered":"Gobierno firm\u00f3 convenios con la Municipalidad de Santa Rosa"},"content":{"rendered":"<!DOCTYPE html PUBLIC \"-\/\/W3C\/\/DTD HTML 4.0 Transitional\/\/EN\" \"http:\/\/www.w3.org\/TR\/REC-html40\/loose.dtd\">\n<html><body><p>Este lunes, el Ministerio de Gobierno, Trabajo y Justicia junto con la Municipalidad de Santa Rosa celebraron dos acuerdos. Uno de los convenios permitir&aacute; avanzar en la documentaci&oacute;n de los ni&ntilde;os que concurren a los jardines maternales del departamento. El otro apunta a mejorar los servicios que se brindan desde la oficina de Defensa del Consumidor que depende de ese Municipio.<\/p>\n<p>En el acto, que tuvo lugar en el edificio municipal, participaron el jefe de Gabinete de Gobierno, Carlos Segura; la directora de Defensa del Consumidor de la provincia, M&oacute;nica Lucero de Nofal, y la intendenta interina de Santa Rosa, Norma Trigo.<\/p>\n<p>En una primera etapa, se desarrollar&aacute; la documentaci&oacute;n de chicos menores de cinco a&ntilde;os, y luego, en segunda instancia, se cubrir&aacute;n las necesidades de documentaci&oacute;n de ni&ntilde;os ubicados en la franja de 5 a 8 a&ntilde;os. Para el municipio, el compromiso implica disponer de los medios necesarios para el traslado de esos chicos hasta la oficina del Registro Civil m&aacute;s pr&oacute;xima y regreso al jard&iacute;n maternal o jard&iacute;n infante, lo que simplifica el tr&aacute;mite para los padres en una gesti&oacute;n accesible y gratuita en todo su proceso.<\/p>\n<p>El otro acuerdo es para&nbsp;refuncionalizar la oficina de Defensa del Consumidor que depende de la Comuna en&nbsp;capacitaci&oacute;n y actualizaci&oacute;n del personal. Asimismo,&nbsp;para poner en marcha nuevas herramientas que permitan transparentar y agilizar los tr&aacute;mites administrativos.<\/p>\n<p>En este contexto, Norma Trigo expres&oacute; que &ldquo;siendo el Municipio el primer lugar donde el vecino acude a reclamar, es importante que renovemos convenio con Defensa del Consumidor para poder contar con los medios para resolver esa necesidad de nuestra gente&rdquo;.<\/p>\n<p>&ldquo;Adem&aacute;s, con otro de los convenios logramos evitar que los padres de muchos chicos del departamento pierdan tiempo de sus trabajos y realicen gastos que no pueden costear para efectuar la debida documentaci&oacute;n de sus hijos&rdquo;, se&ntilde;al&oacute; la intendenta.<\/p>\n<p><strong>Nuevos convenios para beneficiar a la comunidad<\/strong><\/p>\n<p>&ldquo;El Gobierno provincial tiende a crear herramientas accesibles que faciliten la documentaci&oacute;n de toda la poblaci&oacute;n, ahora en particular para que los chicos del departamento cuenten con su DNI en tiempo y forma&rdquo;, manifest&oacute; el jefe de Gabinete del Ministerio de Gobierno, Carlos Segura, despu&eacute;s de la firma de los convenios.<\/p>\n<p>&ldquo;Hemos desarrollado con gran &eacute;xito diversos operativos en el territorio provincial con otros organismos para detectar casos de individuos sin la debida documentaci&oacute;n&rdquo;, remarc&oacute; el funcionario.<\/p>\n<p>Por su parte, M&oacute;nica Lucero de Nofal aclar&oacute; que &ldquo;el convenio involucra el asesoramiento y tr&aacute;mite inicial hasta la parte conciliatoria, para que el vecino del departamento no deba acudir a sede central para abordar su reclamo, con fuerte impronta en la educaci&oacute;n en consumo que estamos impulsando paulatinamente&rdquo;.<\/p>\n<p>Y agreg&oacute; que con este acuerdo &ldquo;el Municipio recibir&aacute; el 50% del producido de las multas que se impongan a las empresas o entidades sancionadas, cuya denuncia haya tenido origen concreto en el departamento, ingresos que se podr&aacute;n destinar al fortalecimiento del &aacute;rea en cada oficina de Defensa del Consumidor&rdquo;.<\/p>\n<p><strong>Santa Rosa, inserta en proyecto &ldquo;Ciudades Amigables con la Edad&rdquo;<\/strong><\/p>\n<p>Finalmente, la intendenta Norma Trigo y Aldo S&aacute;ez, director de Atenci&oacute;n de Adultos Mayores dependiente del Ministerio de Salud, Desarrollo Social y Deportes, establecieron mediante acuerdo los pasos previos para la adhesi&oacute;n de Santa Rosa al proyecto de Ciudades Amigables con la Edad.&nbsp; En este proceso participar&aacute;n todas las &aacute;reas de la Comuna vinculadas con la tem&aacute;tica de promoci&oacute;n de los derechos de los adultos mayores.<\/p>\n<p>S&aacute;ez explic&oacute; que a partir de la firma del compromiso, se ejecutar&aacute;n acciones en infraestructura para facilitar el desplazamiento y &nbsp;aprovechar mejor las instalaciones por parte de&nbsp;los adultos mayores. &ldquo;Las &nbsp;personas mayores son cada vez menos pasivas en sus quehaceres y requieren tambi&eacute;n del acompa&ntilde;amiento del Estado provincial y municipal para mejorar su calidad de vida&rdquo;, dijo el funcionario provincial.<\/p>\n<p>&ldquo;Sabemos que son muchos los adultos mayores que participan activamente de la vida cultural y deportiva. Con este acuerdo apostamos fuertemente a la inclusi&oacute;n social, sumando otras actividades para involucrarlos a&uacute;n m&aacute;s en nuestras acciones como municipio responsable y atento a sus necesidades&rdquo;, se&ntilde;al&oacute; la titular del Ejecutivo municipal.<\/p>\n<p>Recordemos que la Direcci&oacute;n de Atenci&oacute;n a Adultos Mayores ha trabajado en 2016 con la Direcci&oacute;n de Defensa del Consumidor en la difusi&oacute;n de los derechos de adultos mayores para avanzar en la mejora de los servicios que estos reciben en toda la provincia, como tambi&eacute;n en la promoci&oacute;n de las mejoras que estos requieren tanto en transporte como en infraestructura y calidad de vida.<\/p>\n<\/body><\/html>\n","protected":false},"excerpt":{"rendered":"Permitir\u00e1n la documentaci\u00f3n de chicos que asisten a los jardines maternales y se avanzar\u00e1 en la optimizaci\u00f3n de los servicios que reciben los consumidores y usuarios de ese departamento. Tambi\u00e9n se concret\u00f3 la adhesi\u00f3n de esa comuna al proyecto de \u201cCiudades Amigables con la Edad\u201d. ","protected":false},"author":63,"featured_media":76594,"comment_status":"open","ping_status":"open","sticky":false,"template":"","format":"standard","meta":[],"categories":[20],"tags":[],"_links":{"self":[{"href":"https:\/\/www.mendoza.gov.ar\/prensa\/wp-json\/wp\/v2\/posts\/76593"}],"collection":[{"href":"https:\/\/www.mendoza.gov.ar\/prensa\/wp-json\/wp\/v2\/posts"}],"about":[{"href":"https:\/\/www.mendoza.gov.ar\/prensa\/wp-json\/wp\/v2\/types\/post"}],"author":[{"embeddable":true,"href":"https:\/\/www.mendoza.gov.ar\/prensa\/wp-json\/wp\/v2\/users\/63"}],"replies":[{"embeddable":true,"href":"https:\/\/www.mendoza.gov.ar\/prensa\/wp-json\/wp\/v2\/comments?post=76593"}],"version-history":[{"count":0,"href":"https:\/\/www.mendoza.gov.ar\/prensa\/wp-json\/wp\/v2\/posts\/76593\/revisions"}],"wp:featuredmedia":[{"embeddable":true,"href":"https:\/\/www.mendoza.gov.ar\/prensa\/wp-json\/wp\/v2\/media\/76594"}],"wp:attachment":[{"href":"https:\/\/www.mendoza.gov.ar\/prensa\/wp-json\/wp\/v2\/media?parent=76593"}],"wp:term":[{"taxonomy":"category","embeddable":true,"href":"https:\/\/www.mendoza.gov.ar\/prensa\/wp-json\/wp\/v2\/categories?post=76593"},{"taxonomy":"post_tag","embeddable":true,"href":"https:\/\/www.mendoza.gov.ar\/prensa\/wp-json\/wp\/v2\/tags?post=76593"}],"curies":[{"name":"wp","href":"https:\/\/api.w.org\/{rel}","templated":true}]}}