{"id":76596,"date":"2016-12-26T16:55:15","date_gmt":"2016-12-26T19:55:15","guid":{"rendered":"http:\/\/prensa.mendoza.gov.ar\/?p=76596"},"modified":"2019-03-11T09:52:42","modified_gmt":"2019-03-11T12:52:42","slug":"zoologico-ambiente-firmo-una-carta-de-intencion-de-trabajo-conjunto-y-colaboracion-cientifica-con-diversas-ongs","status":"publish","type":"post","link":"https:\/\/www.mendoza.gov.ar\/prensa\/zoologico-ambiente-firmo-una-carta-de-intencion-de-trabajo-conjunto-y-colaboracion-cientifica-con-diversas-ongs\/","title":{"rendered":"Zool\u00f3gico: Ambiente firm\u00f3 una \u201cCarta de intenci\u00f3n de trabajo y colaboraci\u00f3n cient\u00edfica&#8221; con varias ONG"},"content":{"rendered":"<!DOCTYPE html PUBLIC \"-\/\/W3C\/\/DTD HTML 4.0 Transitional\/\/EN\" \"http:\/\/www.w3.org\/TR\/REC-html40\/loose.dtd\">\n<html><body><p>El convenio se firm&oacute; en materia cient&iacute;fica, educativa y de gesti&oacute;n. Se destaca la plataforma internacional Zoo XXI, que re&uacute;ne a importantes personalidades del &aacute;mbito cient&iacute;fico favorables a la reconversi&oacute;n de los parques zool&oacute;gicos, cambiando el paradigma de encierro por el de respeto, cuidado y bienestar animal.<\/p>\n<p>Este concepto ha sido rubricado tambi&eacute;n por el santuario &ldquo;Equidad&rdquo;, ubicado en la provincia de C&oacute;rdoba, la Asociaci&oacute;n Animalista &iexcl;Libera! internacional, la Fundaci&oacute;n&nbsp;mendocina&nbsp;Defensa Vegana y la Fundaci&oacute;n Franz Weber, de Suiza, a las que se sumar&aacute;n en los pr&oacute;ximos d&iacute;as la organizaci&oacute;n Elephants Voices y el Santuario de Elefantes de Brasil.<\/p>\n<p>Otras ONG internacionales se incorporar&aacute;n en car&aacute;cter de &ldquo;adherentes&rdquo;, como la Coordinadora de Profesionales para la Prevenci&oacute;n de Abusos (CoPPA), la organizaci&oacute;n educativa PRODA, la asociaci&oacute;n de veterinarios Avatma, las asociaciones de parlamentarios en defensa de los Animales de Chile y Espa&ntilde;a (PARDA y APDDA respectivamente) y&nbsp;la asociaci&oacute;n por los derechos de la Infancia ADDIA, todas ellas colaboradoras directas con el proyecto Zoo XXI.<\/p>\n<p>&ldquo;La idea de firmar el convenio se estaba considerando y dialogando desde hace varios meses&rdquo;, afirma el secretario de Ambiente y Ordenamiento Territorial, Humberto Mingorance. Sin embargo, su contenido definitivo fue acordado la semana pasada en la ciudad de Buenos Aires, en el marco del foro &ldquo;Zoos en Revoluci&oacute;n&rdquo;, celebrado en el Congreso de la Naci&oacute;n y donde asistieron importantes actores sociales y pol&iacute;ticos tanto del &aacute;mbito local como internacional.<\/p>\n<p>Mariana Caram, directora del Zool&oacute;gico de Mendoza, afirma haber &ldquo;congeniado profundamente&rdquo; con la exdirectora del Zool&oacute;gico de Barcelona y actual directora cient&iacute;fica de la plataforma Zoo XXI, Carmen Mat&eacute;, que visit&oacute; nuestro pa&iacute;s para ser la ponente principal del foro mencionado. Caram considera que &ldquo;este apoyo&nbsp;suma un&nbsp;potente equipo cient&iacute;fico y un alto conocimiento profesional de la realidad de los zool&oacute;gicos en todo el mundo&rdquo;.<\/p>\n<\/body><\/html>\n","protected":false},"excerpt":{"rendered":"La Secretar\u00eda de Ambiente y Ordenamiento Territorial firm\u00f3 una carta de intenci\u00f3n de trabajo y colaboraci\u00f3n con el objetivo de asesoramiento en el proceso de transformaci\u00f3n del Zool\u00f3gico provincial de diferentes organizaciones locales, nacionales e internacionales. El pr\u00f3ximo martes se define la Ley Ecoparque en la C\u00e1mara de Senadores.","protected":false},"author":68,"featured_media":76599,"comment_status":"open","ping_status":"open","sticky":false,"template":"","format":"standard","meta":[],"categories":[3],"tags":[],"_links":{"self":[{"href":"https:\/\/www.mendoza.gov.ar\/prensa\/wp-json\/wp\/v2\/posts\/76596"}],"collection":[{"href":"https:\/\/www.mendoza.gov.ar\/prensa\/wp-json\/wp\/v2\/posts"}],"about":[{"href":"https:\/\/www.mendoza.gov.ar\/prensa\/wp-json\/wp\/v2\/types\/post"}],"author":[{"embeddable":true,"href":"https:\/\/www.mendoza.gov.ar\/prensa\/wp-json\/wp\/v2\/users\/68"}],"replies":[{"embeddable":true,"href":"https:\/\/www.mendoza.gov.ar\/prensa\/wp-json\/wp\/v2\/comments?post=76596"}],"version-history":[{"count":1,"href":"https:\/\/www.mendoza.gov.ar\/prensa\/wp-json\/wp\/v2\/posts\/76596\/revisions"}],"predecessor-version":[{"id":175733,"href":"https:\/\/www.mendoza.gov.ar\/prensa\/wp-json\/wp\/v2\/posts\/76596\/revisions\/175733"}],"wp:featuredmedia":[{"embeddable":true,"href":"https:\/\/www.mendoza.gov.ar\/prensa\/wp-json\/wp\/v2\/media\/76599"}],"wp:attachment":[{"href":"https:\/\/www.mendoza.gov.ar\/prensa\/wp-json\/wp\/v2\/media?parent=76596"}],"wp:term":[{"taxonomy":"category","embeddable":true,"href":"https:\/\/www.mendoza.gov.ar\/prensa\/wp-json\/wp\/v2\/categories?post=76596"},{"taxonomy":"post_tag","embeddable":true,"href":"https:\/\/www.mendoza.gov.ar\/prensa\/wp-json\/wp\/v2\/tags?post=76596"}],"curies":[{"name":"wp","href":"https:\/\/api.w.org\/{rel}","templated":true}]}}