{"id":76606,"date":"2016-12-26T18:39:46","date_gmt":"2016-12-26T21:39:46","guid":{"rendered":"http:\/\/prensa.mendoza.gov.ar\/?p=76606"},"modified":"2016-12-26T18:39:46","modified_gmt":"2016-12-26T21:39:46","slug":"desviaran-el-transporte-publico-en-calle-patricias-de-ciudad","status":"publish","type":"post","link":"https:\/\/www.mendoza.gov.ar\/prensa\/desviaran-el-transporte-publico-en-calle-patricias-de-ciudad\/","title":{"rendered":"Desviar\u00e1n el transporte p\u00fablico en calle Patricias de Ciudad"},"content":{"rendered":"<!DOCTYPE html PUBLIC \"-\/\/W3C\/\/DTD HTML 4.0 Transitional\/\/EN\" \"http:\/\/www.w3.org\/TR\/REC-html40\/loose.dtd\">\n<html><body><p>El martes 27, todas las l&iacute;neas de colectivos que pasan por calle Patricias Mendocinas modificar&aacute;n transitoriamente su recorrido a partir de las 6 de la ma&ntilde;ana.<\/p>\n<p>Las unidades se desviar&aacute;n por Necochea, 25 de Mayo, Rivadavia, Patricias Mendocinas y recorrido habitual.<\/p>\n<p>Esta modificaci&oacute;n se debe a las vallas de seguridad que se han colocado en alrededores de la Legislatura, por lo que resulta imperioso el corte en calle Patricias.<\/p>\n<\/body><\/html>\n","protected":false},"excerpt":{"rendered":"Ma\u00f1ana martes, a partir de las 6, quedar\u00e1 interrumpido el tr\u00e1nsito frente a la Legislatura.  ","protected":false},"author":63,"featured_media":76608,"comment_status":"open","ping_status":"open","sticky":false,"template":"","format":"standard","meta":[],"categories":[34],"tags":[],"_links":{"self":[{"href":"https:\/\/www.mendoza.gov.ar\/prensa\/wp-json\/wp\/v2\/posts\/76606"}],"collection":[{"href":"https:\/\/www.mendoza.gov.ar\/prensa\/wp-json\/wp\/v2\/posts"}],"about":[{"href":"https:\/\/www.mendoza.gov.ar\/prensa\/wp-json\/wp\/v2\/types\/post"}],"author":[{"embeddable":true,"href":"https:\/\/www.mendoza.gov.ar\/prensa\/wp-json\/wp\/v2\/users\/63"}],"replies":[{"embeddable":true,"href":"https:\/\/www.mendoza.gov.ar\/prensa\/wp-json\/wp\/v2\/comments?post=76606"}],"version-history":[{"count":0,"href":"https:\/\/www.mendoza.gov.ar\/prensa\/wp-json\/wp\/v2\/posts\/76606\/revisions"}],"wp:featuredmedia":[{"embeddable":true,"href":"https:\/\/www.mendoza.gov.ar\/prensa\/wp-json\/wp\/v2\/media\/76608"}],"wp:attachment":[{"href":"https:\/\/www.mendoza.gov.ar\/prensa\/wp-json\/wp\/v2\/media?parent=76606"}],"wp:term":[{"taxonomy":"category","embeddable":true,"href":"https:\/\/www.mendoza.gov.ar\/prensa\/wp-json\/wp\/v2\/categories?post=76606"},{"taxonomy":"post_tag","embeddable":true,"href":"https:\/\/www.mendoza.gov.ar\/prensa\/wp-json\/wp\/v2\/tags?post=76606"}],"curies":[{"name":"wp","href":"https:\/\/api.w.org\/{rel}","templated":true}]}}